{"id":3506,"date":"2026-04-28T08:43:33","date_gmt":"2026-04-28T06:43:33","guid":{"rendered":"https:\/\/www.maxenergy.at\/magazin\/?p=3506"},"modified":"2026-04-28T08:43:33","modified_gmt":"2026-04-28T06:43:33","slug":"vogelschutz-in-der-brutzeit","status":"publish","type":"post","link":"https:\/\/www.maxenergy.at\/magazin\/vogelschutz-in-der-brutzeit\/","title":{"rendered":"Vogelschutz in der Brutzeit: Was Du im Garten beachten solltest"},"content":{"rendered":"\n<style type=\"text\/css\" data-created_by=\"avia_inline_auto\" id=\"style-css-av-kxhjeb2h-16a6b1e56aa49eba5160736156358b10\">\n.avia-section.av-kxhjeb2h-16a6b1e56aa49eba5160736156358b10{\nbackground-color:rgba(0,0,0,0.5);\nbackground-image:url(https:\/\/www.maxenergy.at\/magazin\/wp-content\/uploads\/2026\/03\/Image-7-1.jpg);\nbackground-repeat:no-repeat;\nbackground-position:50% 50%;\nbackground-attachment:fixed;\n}\n<\/style>\n<div id='av_section_1'  class='avia-section av-kxhjeb2h-16a6b1e56aa49eba5160736156358b10 main_color avia-section-default avia-no-border-styling  avia-builder-el-0  el_before_av_textblock  avia-builder-el-first  Background-Container__Article avia-full-stretch avia-bg-style-fixed av-minimum-height av-minimum-height-50 av-height-50  container_wrap sidebar_left'  data-section-bg-repeat='stretch' data-av_minimum_height_pc='50' data-av_min_height_opt='50'><div class='container av-section-cont-open' ><main  role=\"main\" itemprop=\"mainContentOfPage\"  class='template-page content  av-content-small units'><div class='post-entry post-entry-type-page post-entry-3506'><div class='entry-content-wrapper clearfix'>\n<div  class='flex_column av-jccdh-0cf44c5fc3ceb8721e17662f2a2170e7 av_one_fifth  avia-builder-el-1  el_before_av_three_fifth  avia-builder-el-first  first flex_column_div  '     ><\/div><div  class='flex_column av-geah1-41a622b9c80f4990c7a9e5ea0c7e2827 av_three_fifth  avia-builder-el-2  el_after_av_one_fifth  el_before_av_one_fifth  flex_column_div  '     ><style type=\"text\/css\" data-created_by=\"avia_inline_auto\" id=\"style-css-av-l06lxc0q-35669b792e8b33d34a181bf51dbbc147\">\n#top .av_textblock_section.av-l06lxc0q-35669b792e8b33d34a181bf51dbbc147 .avia_textblock{\nfont-size:40px;\ncolor:#ffffff;\n}\n<\/style>\n<section  class='av_textblock_section av-l06lxc0q-35669b792e8b33d34a181bf51dbbc147 '   itemscope=\"itemscope\" itemtype=\"https:\/\/schema.org\/BlogPosting\" itemprop=\"blogPost\" ><div class='avia_textblock av_inherit_color'  itemprop=\"text\" ><p style=\"text-align: center;\">UMWELT<\/p>\n<\/div><\/section><br \/>\n\n<style type=\"text\/css\" data-created_by=\"avia_inline_auto\" id=\"style-css-av-kxhjuija-bdecd0661fd3fe00ec53083e76579667\">\n#top .hr.av-kxhjuija-bdecd0661fd3fe00ec53083e76579667{\nmargin-top:30px;\nmargin-bottom:30px;\n}\n.hr.av-kxhjuija-bdecd0661fd3fe00ec53083e76579667 .hr-inner{\nwidth:50px;\nborder-color:#ffffff;\n}\n<\/style>\n<div  class='hr av-kxhjuija-bdecd0661fd3fe00ec53083e76579667 hr-custom  avia-builder-el-4  el_after_av_textblock  avia-builder-el-last  hr-center hr-icon-no'><span class='hr-inner inner-border-av-border-fat'><span class=\"hr-inner-style\"><\/span><\/span><\/div><\/p><\/div><div  class='flex_column av-bawmd-35dee2bb4bdb910197cd8dcd7bfa288a av_one_fifth  avia-builder-el-5  el_after_av_three_fifth  avia-builder-el-last  flex_column_div  '     ><\/div>\n<\/div><\/div><\/main><!-- close content main element --><\/div><\/div><div id='after_section_1'  class='main_color av_default_container_wrap container_wrap sidebar_left'  ><div class='container av-section-cont-open' ><div class='template-page content  av-content-small units'><div class='post-entry post-entry-type-page post-entry-3506'><div class='entry-content-wrapper clearfix'>\n<section  class='av_textblock_section av-7akr3-0e6e8ced8fc39771fbba46b3d4000ee3 '   itemscope=\"itemscope\" itemtype=\"https:\/\/schema.org\/BlogPosting\" itemprop=\"blogPost\" ><div class='avia_textblock'  itemprop=\"text\" ><div id=\"author_pic\"><a href=\"https:\/\/www.maxenergy.at\/magazin\/author\/antonia\/\" rel=\"author\"><\/a><\/div>\n<h1 class=\"pp_article_heading\">Vogelschutz in der Brutzeit: Was Du im Garten beachten solltest<\/h1>\n<\/div><\/section>\n<div  class='av-post-metadata-container av-xr7dx-0cf14aafb31005343620c004335f85d3 av-metadata-container-align-left  avia-builder-el-7  el_after_av_textblock  el_before_av_one_full  av-metadata-container-1'><div class='av-post-metadata-container-inner'><span class=\"av-post-metadata-content av-post-metadata-meta-content\"><span class=\"av-post-metadata-content av-post-metadata-author\"  itemprop=\"author\" ><span class=\"av-post-metadata-author-link\" ><a href=\"https:\/\/www.maxenergy.at\/magazin\/author\/antonia\/\"  rel=\"author\">Antonia Weimann<\/a><\/span><\/span><span class=\"av-post-metadata-content av-post-metadata-separator\">\/<\/span><span class=\"av-post-metadata-content av-post-metadata-published\"><span class=\"av-post-metadata-published-date\" >28. April 2026<\/span><\/span><span class=\"av-post-metadata-content av-post-metadata-separator\">\/<\/span><span class=\"av-post-metadata-content av-post-metadata-category\"><span class=\"av-metadata-before av-metadata-before-categories\">in<\/span><span class=\"av-post-metadata-category-link\" ><a href=\"https:\/\/www.maxenergy.at\/magazin\/category\/umwelt\/\" >Umwelt<\/a><\/span><\/span><\/span><\/div><\/div>\n<div  class='flex_column av-9hxvx-ef05e7d139f70192fc17760a856fc88f av_one_full  avia-builder-el-8  el_after_av_post_metadata  el_before_av_one_full  first flex_column_div  '     ><section  class='av_textblock_section av-kxj13zus-b5e9452c86338ba3a8397fba93e4422d '   itemscope=\"itemscope\" itemtype=\"https:\/\/schema.org\/BlogPosting\" itemprop=\"blogPost\" ><div class='avia_textblock'  itemprop=\"text\" ><div class=\"wp-block-group__inner-container\">\n<p>Die Brutzeit der V\u00f6gel ist eine der wichtigsten Phasen im Jahreszyklus der heimischen Vogelwelt. Zwischen M\u00e4rz und Juli bauen viele Vogelarten ihre Nester, legen Eier und ziehen ihre Jungen auf. Gerade in dieser Zeit reagieren V\u00f6gel besonders empfindlich auf St\u00f6rungen.<\/p>\n<p>Wenn Du einen Garten besitzt, kannst Du mit einfachen Ma\u00dfnahmen viel zum Vogelschutz w\u00e4hrend der Brutzeit beitragen &#8211; und genau hier setzt auch der Gedanke hinter dem MAX Heimat Tarif an: Verantwortung f\u00fcr die eigene Region \u00fcbernehmen und die Natur direkt vor der Haust\u00fcr st\u00e4rken. Schon kleine Ver\u00e4nderungen im eigenen Garten helfen, Brutpl\u00e4tze zu sichern und Jungv\u00f6gel zu sch\u00fctzen.<\/p>\n<\/div>\n<\/div><\/section><\/div><div  class='flex_column av-9hpc37-cce5920dc42dc183345d5eead8fe4837 av_one_full  avia-builder-el-10  el_after_av_one_full  el_before_av_one_full  first flex_column_div  column-top-margin'     ><section  class='av_textblock_section av-l3l83q0a-4b61bf893f764a1e5d1b7c94a2ff97c5 '   itemscope=\"itemscope\" itemtype=\"https:\/\/schema.org\/BlogPosting\" itemprop=\"blogPost\" ><div class='avia_textblock'  itemprop=\"text\" ><div class=\"wp-block-group__inner-container\">\n<h2 class=\"pp_article_paragraph\"><strong>Wann ist Brutzeit bei V\u00f6geln?<\/strong><\/h2>\n<p>Die meisten heimischen Vogelarten beginnen ihre Brutzeit im Fr\u00fchjahr. Typischerweise dauert sie:<\/p>\n<p><strong>Start:<\/strong> M\u00e4rz<\/p>\n<p><strong>Hauptphase:<\/strong> April bis Juni<\/p>\n<p><strong>Ende:<\/strong> Juli (bei manchen Arten auch sp\u00e4ter)<\/p>\n<p>In dieser Zeit bauen V\u00f6gel Nester in Hecken, Str\u00e4uchern, B\u00e4umen, Dachvorspr\u00fcngen oder Nistk\u00e4sten. Viele Arten br\u00fcten sogar mehrmals im Jahr. Deshalb ist es besonders wichtig, G\u00e4rten und Gr\u00fcnfl\u00e4chen w\u00e4hrend dieser Monate m\u00f6glichst st\u00f6rungsarm zu halten.<\/p>\n<div class=\"inhalt-blog w-container\"><\/div>\n<\/div>\n<\/div><\/section><\/div><div  class='flex_column av-9j6qzt-c3c778a18bd5be114aa8b6e32582c2e9 av_one_full  avia-builder-el-12  el_after_av_one_full  el_before_av_promobox  first flex_column_div  column-top-margin'     ><section  class='av_textblock_section av-m9l561qt-df3e189051064b9ae281ead7f1c573bc '   itemscope=\"itemscope\" itemtype=\"https:\/\/schema.org\/BlogPosting\" itemprop=\"blogPost\" ><div class='avia_textblock'  itemprop=\"text\" ><div class=\"wp-block-group__inner-container\">\n<h2><strong>Gesetzlicher Schutz w\u00e4hrend der Brutzeit<\/strong><\/h2>\n<p>In \u00d6sterreich sind wildlebende V\u00f6gel\u00a0 gesetzlich gesch\u00fctzt. Die entsprechenden Regelungen sind in den Naturschutzgesetzen der Bundesl\u00e4nder verankert und sehen unter anderem vor:<\/p>\n<ul data-start=\"251\" data-end=\"493\">\n<li data-section-id=\"kr38ki\" data-start=\"251\" data-end=\"388\">\n<p data-start=\"253\" data-end=\"388\">Hecken, Str\u00e4ucher und B\u00e4ume d\u00fcrfen w\u00e4hrend der Brutzeit \u2013 in der Regel von M\u00e4rz bis September \u2013 nicht stark zur\u00fcckgeschnitten werden.<\/p>\n<\/li>\n<li data-section-id=\"wlydyn\" data-start=\"389\" data-end=\"445\">\n<p data-start=\"391\" data-end=\"445\">Nester d\u00fcrfen weder besch\u00e4digt noch entfernt werden.<\/p>\n<\/li>\n<li data-section-id=\"151113z\" data-start=\"446\" data-end=\"493\">\n<p data-start=\"448\" data-end=\"493\">Br\u00fctende V\u00f6gel d\u00fcrfen nicht gest\u00f6rt werden.<\/p>\n<\/li>\n<\/ul>\n<p data-start=\"495\" data-end=\"640\">Diese Bestimmungen dienen dem Schutz von Brutpl\u00e4tzen und sollen verhindern, dass Jungv\u00f6gel gef\u00e4hrdet werden oder aufgezogener Nachwuchs verloren geht.<\/p>\n<div class=\"inhalt-blog w-container\"><\/div>\n<\/div>\n<\/div><\/section><\/div><\/p>\n\n<style type=\"text\/css\" data-created_by=\"avia_inline_auto\" id=\"style-css-av-m9s4y7lt-e2854782359ded971b3cd1ac1360708e\">\n.av_promobox.av-m9s4y7lt-e2854782359ded971b3cd1ac1360708e{\nbackground-color:#fcfcfc;\nborder-radius:26px 26px 26px 26px;\n}\n<\/style>\n<div  class='av_promobox av-m9s4y7lt-e2854782359ded971b3cd1ac1360708e avia-button-yes  avia-builder-el-14  el_after_av_one_full  el_before_av_one_full '><div class='avia-promocontent'><p>\nJetzt mit Deinem Strom Natur sch\u00fctzen!<\/p>\n<\/div><div  class='avia-button-wrap av-m9s4y7lt-db0d081c7476eec450f581520be70d85-wrap avia-button-right '><a href='https:\/\/www.maxenergy.at\/heimatliebe\/'  class='avia-button av-m9s4y7lt-db0d081c7476eec450f581520be70d85 av-link-btn avia-icon_select-no avia-size-large avia-position-right avia-color-theme-color'  target=\"_blank\"  rel=\"noopener noreferrer\"  aria-label=\"Jetzt Tarif berechnen\"><span class='avia_iconbox_title' >Jetzt Tarif berechnen<\/span><\/a><\/div><\/div>\n<div  class='flex_column av-76jc7d-e9d8f59e97fe57733e4028750c62b699 av_one_full  avia-builder-el-15  el_after_av_promobox  el_before_av_one_full  first flex_column_div  '     ><section  class='av_textblock_section av-m9l5el7u-717f62343d8b48639d87c4cf69bc1741 '   itemscope=\"itemscope\" itemtype=\"https:\/\/schema.org\/BlogPosting\" itemprop=\"blogPost\" ><div class='avia_textblock'  itemprop=\"text\" ><div class=\"wp-block-group__inner-container\">\n<h2><strong>Was Du selbst f\u00fcr den Vogelschutz im Garten tun kannst<\/strong><\/h2>\n<p>Haus- und Gartenbesitzer haben gro\u00dfen Einfluss darauf, wie gut V\u00f6gel w\u00e4hrend der Brutzeit gesch\u00fctzt sind. Mit wenigen Ma\u00dfnahmen kannst Du Deinen Garten zu einem sicheren Lebensraum machen.<\/p>\n<\/div>\n<ol>\n<li>\n<h3>Hecken und Str\u00e4ucher w\u00e4hrend der Brutzeit stehen lassen<\/h3>\n<p>Viele Gartenv\u00f6gel bauen ihre Nester in dichten Hecken oder Str\u00e4uchern. Dazu geh\u00f6ren zum Beispiel:<br \/>\n&#8211;\u00a0 Amseln<br \/>\n&#8211;\u00a0 Rotkehlchen<br \/>\n&#8211;\u00a0 Heckenbraunellen<br \/>\n&#8211;\u00a0 Zaunk\u00f6nige<br \/>\nWenn Hecken w\u00e4hrend der Brutzeit stark geschnitten werden, k\u00f6nnen Nester zerst\u00f6rt werden.<br \/>\n<strong>Tipp:<\/strong> F\u00fchre gr\u00f6\u00dfere R\u00fcckschnitte am besten im Herbst oder Winter durch.<\/li>\n<li>\n<h3>Einen naturnahen Garten gestalten<\/h3>\n<p>Ein strukturreicher Garten bietet V\u00f6geln Schutz, Nahrung und Nistm\u00f6glichkeiten. Besonders hilfreich sind:<br \/>\n&#8211;\u00a0 heimische Str\u00e4ucher wie Holunder, Wei\u00dfdorn oder Schlehe<br \/>\n&#8211;\u00a0 Bl\u00fchpflanzen, die Insekten anziehen<br \/>\n&#8211;\u00a0 wilde Gartenecken, die nicht st\u00e4ndig gepflegt werden<br \/>\n&#8211;\u00a0 Laub- oder Totholzhaufen<br \/>\nViele Jungv\u00f6gel werden mit Insekten gef\u00fcttert. Ein insektenreicher Garten ist deshalb entscheidend f\u00fcr erfolgreichen Vogelnachwuchs.<br \/>\nDer Gedanke dahinter ist einfach. Je lebendiger Deine unmittelbare Umgebung, desto stabiler das \u00f6kologische Gleichgewicht &#8211; ein zentraler Aspekt regionaler Nachhaltigkeit.<\/li>\n<li>\n<h3>Nistk\u00e4sten aufh\u00e4ngen<\/h3>\n<p>In modernen G\u00e4rten fehlen oft nat\u00fcrliche Brutpl\u00e4tze wie alte B\u00e4ume mit H\u00f6hlen. Nistk\u00e4sten k\u00f6nnen diese ersetzen. Darauf solltest Du achten:<br \/>\n&#8211;\u00a0 H\u00f6he: 2-3 Meter<br \/>\n&#8211;\u00a0 Ausrichtung: gesch\u00fctzt vor Regen und direkter Sonne<br \/>\n&#8211;\u00a0 Abstand zu Katzen und leicht erreichbaren Sprungfl\u00e4chen<br \/>\nTypische Bewohner von Nistk\u00e4sten sind beispielsweise Kohlmeisen, Blaumeisen, Kleiber und Haussperlinge.<\/li>\n<li>\n<h3>Auf Pestizide im Garten verzichten<\/h3>\n<p>Viele Vogelarten f\u00fcttern ihre Jungen fast ausschlie\u00dflich mit Insekten. Wenn im Garten Insektizide oder Pestizide eingesetzt werden, verringert sich das Nahrungsangebot f\u00fcr Jungv\u00f6gel deutlich. Naturnahe Alternativen sind die F\u00f6rderung von N\u00fctzlingen, Mischpflanzung im Garten sowie nat\u00fcrliche Sch\u00e4dlingskontrolle.<\/li>\n<\/ol>\n<div class=\"wp-block-group__inner-container\"><\/div>\n<\/div><\/section><\/div><div  class='flex_column av-57ped5-6cdf0b9e4e65630657bcf82f3e91bfc5 av_one_full  avia-builder-el-17  el_after_av_one_full  el_before_av_one_full  first flex_column_div  column-top-margin'     ><section  class='av_textblock_section av-m9l5vq7x-c0bb015af93531efc354863d50d76eb5 '   itemscope=\"itemscope\" itemtype=\"https:\/\/schema.org\/BlogPosting\" itemprop=\"blogPost\" ><div class='avia_textblock'  itemprop=\"text\" ><div class=\"wp-block-group__inner-container\">\n<h2><strong>Was tun, wenn Du einen Jungvogel findest?<\/strong><\/h2>\n<p>Im Fr\u00fchsommer sieht man h\u00e4ufig Jungv\u00f6gel am Boden sitzen. Diese sogenannten \u00c4stlinge k\u00f6nnen oft noch nicht richtig fliegen, verlassen das Nest aber bereits. In den meisten F\u00e4llen gilt:<\/p>\n<p>Nicht eingreifen. Die Eltern sind meist in der N\u00e4he und versorgen den Vogel weiterhin.<\/p>\n<p>Nur wenn der Vogel verletzt ist oder sich in unmittelbarer Gefahr befindet, sollte er vorsichtig umgesetzt oder eine Wildvogelhilfe kontaktiert werden.<\/p>\n<div class=\"inhalt-blog w-container\"><\/div>\n<\/div>\n<\/div><\/section><\/div><\/p>\n<div  class='flex_column av-9osn6-240366cb0d13620e9fad71d5f83297d5 av_one_full  avia-builder-el-19  el_after_av_one_full  el_before_av_one_full  first flex_column_div  column-top-margin'     ><section  class='av_textblock_section av-mgp6xuc2-afdb5d2637534491adf69aa7e2faf5fe '   itemscope=\"itemscope\" itemtype=\"https:\/\/schema.org\/BlogPosting\" itemprop=\"blogPost\" ><div class='avia_textblock'  itemprop=\"text\" ><div class=\"wp-block-group__inner-container\">\n<h2><strong>Fazit: Heimat und Vogelschutz beginnen im eigenen Garten<\/strong><\/h2>\n<p data-start=\"223\" data-end=\"643\">Der Schutz von V\u00f6geln w\u00e4hrend der Brutzeit beginnt direkt vor Deiner Haust\u00fcr. Wenn Du Hecken stehen l\u00e4sst, auf Pestizide verzichtest und Deinen Garten naturnah gestaltest, schaffst Du wertvolle Lebensr\u00e4ume f\u00fcr viele Vogelarten.<\/p>\n<p data-start=\"223\" data-end=\"643\">Der MAX Heimat Tarif greift genau diesen Gedanken auf: Verantwortung f\u00fcr die eigene Region \u00fcbernehmen und nachhaltige Entwicklung dort f\u00f6rdern, wo sie am unmittelbarsten wirkt.<\/p>\n<p data-start=\"223\" data-end=\"643\">Ein vogelfreundlicher Garten bringt nicht nur der Natur Vorteile &#8211; er sorgt auch f\u00fcr mehr Artenvielfalt, Vogelgesang und lebendige Natur direkt im eigenen Umfeld.<\/p>\n<div class=\"inhalt-blog w-container\"><\/div>\n<\/div>\n<\/div><\/section><\/div><div  class='flex_column av-28k8ki-40fa70deff8ca4636c534bac01577857 av_one_full  avia-builder-el-21  el_after_av_one_full  el_before_av_hr  first flex_column_div  column-top-margin'     ><section  class='av_textblock_section av-mmundtuq-b2a9371816d57854e902a8e1be45987a '   itemscope=\"itemscope\" itemtype=\"https:\/\/schema.org\/BlogPosting\" itemprop=\"blogPost\" ><div class='avia_textblock'  itemprop=\"text\" ><div class=\"wp-block-group__inner-container\">\n<h2>H\u00e4ufige Fragen zum Vogelschutz in der Brutzeit<\/h2>\n<div class=\"inhalt-blog w-container\"><\/div>\n<\/div>\n<\/div><\/section><br \/>\n<div  class='togglecontainer av-mmuo0k02-5e48d80017a42e24bf4f0f8c4364a7f3  avia-builder-el-23  el_after_av_textblock  avia-builder-el-last  toggle_close_all' >\n<section class='av_toggle_section av-mmung5aw-28db9d3a2994f27b64b7e0506a3d254b'  itemscope=\"itemscope\" itemtype=\"https:\/\/schema.org\/BlogPosting\" itemprop=\"blogPost\" ><div role=\"tablist\" class=\"single_toggle\" data-tags=\"{Alle} \"  ><p id='toggle-toggle-id-1' data-fake-id='#toggle-id-1' class='toggler  av-title-above '  itemprop=\"headline\"  role='tab' tabindex='0' aria-controls='toggle-id-1' data-slide-speed=\"200\" data-title=\"Wann ist die Brutzeit der V\u00f6gel?\" data-title-open=\"\" data-aria_collapsed=\"Click to expand: Wann ist die Brutzeit der V\u00f6gel?\" data-aria_expanded=\"Click to collapse: Wann ist die Brutzeit der V\u00f6gel?\">Wann ist die Brutzeit der V\u00f6gel?<span class=\"toggle_icon\"><span class=\"vert_icon\"><\/span><span class=\"hor_icon\"><\/span><\/span><\/p><div id='toggle-id-1' aria-labelledby='toggle-toggle-id-1' role='region' class='toggle_wrap  av-title-above'  ><div class='toggle_content invers-color '  itemprop=\"text\" ><p>Die Brutzeit der meisten heimischen Vogelarten liegt zwischen M\u00e4rz und Juli. Einige Arten beginnen bereits im Februar mit dem Nestbau, w\u00e4hrend andere noch bis in den Sp\u00e4tsommer hinein br\u00fcten. In dieser Zeit bauen V\u00f6gel Nester, legen Eier und ziehen ihre Jungen auf. Deshalb reagieren sie besonders empfindlich auf St\u00f6rungen.<\/p>\n<\/div><\/div><\/div><\/section>\n<section class='av_toggle_section av-mmunidhv-610ee583a27bfa0751b74ec799d3d592'  itemscope=\"itemscope\" itemtype=\"https:\/\/schema.org\/BlogPosting\" itemprop=\"blogPost\" ><div role=\"tablist\" class=\"single_toggle\" data-tags=\"{Alle} \"  ><p id='toggle-toggle-id-2' data-fake-id='#toggle-id-2' class='toggler  av-title-above '  itemprop=\"headline\"  role='tab' tabindex='0' aria-controls='toggle-id-2' data-slide-speed=\"200\" data-title=\"Darf man w\u00e4hrend der Brutzeit Hecken schneiden?\" data-title-open=\"\" data-aria_collapsed=\"Click to expand: Darf man w\u00e4hrend der Brutzeit Hecken schneiden?\" data-aria_expanded=\"Click to collapse: Darf man w\u00e4hrend der Brutzeit Hecken schneiden?\">Darf man w\u00e4hrend der Brutzeit Hecken schneiden?<span class=\"toggle_icon\"><span class=\"vert_icon\"><\/span><span class=\"hor_icon\"><\/span><\/span><\/p><div id='toggle-id-2' aria-labelledby='toggle-toggle-id-2' role='region' class='toggle_wrap  av-title-above'  ><div class='toggle_content invers-color '  itemprop=\"text\" ><p>Starke R\u00fcckschnitte von Hecken un Str\u00e4uchern sind w\u00e4hrend der Brutzeit gesetzlich verboten. Erlaubt sind nur schonende Pflegearbeiten, solange sich keine Nester im Geh\u00f6lz befinden. Gr\u00f6\u00dfere Schnittma\u00dfnahmen sollten daher im Herbst oder Winter durchgef\u00fchrt werden.<\/p>\n<\/div><\/div><\/div><\/section>\n<section class='av_toggle_section av-mmunlryc-2e81f63214fb6d64407ccc542570f3d4'  itemscope=\"itemscope\" itemtype=\"https:\/\/schema.org\/BlogPosting\" itemprop=\"blogPost\" ><div role=\"tablist\" class=\"single_toggle\" data-tags=\"{Alle} \"  ><p id='toggle-toggle-id-3' data-fake-id='#toggle-id-3' class='toggler  av-title-above '  itemprop=\"headline\"  role='tab' tabindex='0' aria-controls='toggle-id-3' data-slide-speed=\"200\" data-title=\"Was tun, wenn man ein Vogelnest im Garten entdeckt?\" data-title-open=\"\" data-aria_collapsed=\"Click to expand: Was tun, wenn man ein Vogelnest im Garten entdeckt?\" data-aria_expanded=\"Click to collapse: Was tun, wenn man ein Vogelnest im Garten entdeckt?\">Was tun, wenn man ein Vogelnest im Garten entdeckt?<span class=\"toggle_icon\"><span class=\"vert_icon\"><\/span><span class=\"hor_icon\"><\/span><\/span><\/p><div id='toggle-id-3' aria-labelledby='toggle-toggle-id-3' role='region' class='toggle_wrap  av-title-above'  ><div class='toggle_content invers-color '  itemprop=\"text\" ><p>Wenn Du ein Vogelnest im Garten findest, solltest Du es nicht entfernen oder ber\u00fchren. Halte Abstand und vermeide St\u00f6rungen in der unmittelbaren Umgebung.<\/p>\n<p>Die meisten V\u00f6gel reagieren empfindlich auf h\u00e4ufige St\u00f6rungen und k\u00f6nnten das Nest verlassen. Am besten l\u00e4sst du den Bereich rund um das Nest w\u00e4hren der Brutzeit m\u00f6glichst ungest\u00f6rt.<\/p>\n<\/div><\/div><\/div><\/section>\n<section class='av_toggle_section av-mmuny0ta-9c7ba04bb5d712ce978d0a24c505376e'  itemscope=\"itemscope\" itemtype=\"https:\/\/schema.org\/BlogPosting\" itemprop=\"blogPost\" ><div role=\"tablist\" class=\"single_toggle\" data-tags=\"{Alle} \"  ><p id='toggle-toggle-id-4' data-fake-id='#toggle-id-4' class='toggler  av-title-above '  itemprop=\"headline\"  role='tab' tabindex='0' aria-controls='toggle-id-4' data-slide-speed=\"200\" data-title=\"Was tun, wenn ein Jungvogel auf dem Boden sitzt?\" data-title-open=\"\" data-aria_collapsed=\"Click to expand: Was tun, wenn ein Jungvogel auf dem Boden sitzt?\" data-aria_expanded=\"Click to collapse: Was tun, wenn ein Jungvogel auf dem Boden sitzt?\">Was tun, wenn ein Jungvogel auf dem Boden sitzt?<span class=\"toggle_icon\"><span class=\"vert_icon\"><\/span><span class=\"hor_icon\"><\/span><\/span><\/p><div id='toggle-id-4' aria-labelledby='toggle-toggle-id-4' role='region' class='toggle_wrap  av-title-above'  ><div class='toggle_content invers-color '  itemprop=\"text\" ><p>In den meisten F\u00e4llen gilt: Der Vogel ist nicht hilflos.<\/p>\n<p>Greife nur ein, wenn der Vogel verletzt ist oder sich in unmittelbarer Gefahr befindet (z.B. Stra\u00dfe oder Katze). Dann kann er vorsichtig in einen nahegelegenen Strauch gesetzt oder eine Wildvogelhilfe kontaktiert werden.<\/p>\n<\/div><\/div><\/div><\/section>\n<section class='av_toggle_section av-mmuo0hpz-28b76b7ac689012c71794c39eca2052f'  itemscope=\"itemscope\" itemtype=\"https:\/\/schema.org\/BlogPosting\" itemprop=\"blogPost\" ><div role=\"tablist\" class=\"single_toggle\" data-tags=\"{Alle} \"  ><p id='toggle-toggle-id-5' data-fake-id='#toggle-id-5' class='toggler  av-title-above '  itemprop=\"headline\"  role='tab' tabindex='0' aria-controls='toggle-id-5' data-slide-speed=\"200\" data-title=\"Sollte man V\u00f6gel w\u00e4hrend der Brutzeit f\u00fcttern?\" data-title-open=\"\" data-aria_collapsed=\"Click to expand: Sollte man V\u00f6gel w\u00e4hrend der Brutzeit f\u00fcttern?\" data-aria_expanded=\"Click to collapse: Sollte man V\u00f6gel w\u00e4hrend der Brutzeit f\u00fcttern?\">Sollte man V\u00f6gel w\u00e4hrend der Brutzeit f\u00fcttern?<span class=\"toggle_icon\"><span class=\"vert_icon\"><\/span><span class=\"hor_icon\"><\/span><\/span><\/p><div id='toggle-id-5' aria-labelledby='toggle-toggle-id-5' role='region' class='toggle_wrap  av-title-above'  ><div class='toggle_content invers-color '  itemprop=\"text\" ><p>In der Regel finden V\u00f6gel im Fr\u00fchjahr und Sommer ausreichend Nahrung selbst. Eine F\u00fctterung ist deshalb meist nicht notwendig.<\/p>\n<p>Wenn Du f\u00fctterst, sollte das Futter sauber und geeignet f\u00fcr die jeweilige Art sein. Wichtig ist au\u00dferdem eine regelm\u00e4\u00dfige Reinigung der Futterstellen, um Krankheiten zu vermeiden.<\/p>\n<\/div><\/div><\/div><\/section>\n<\/div><\/p><\/div><\/p>\n\n<style type=\"text\/css\" data-created_by=\"avia_inline_auto\" id=\"style-css-av-m7a5v2si-df44a0eebafcde24b9e77f58d9b80cbe\">\n#top .hr.hr-invisible.av-m7a5v2si-df44a0eebafcde24b9e77f58d9b80cbe{\nheight:30px;\n}\n<\/style>\n<div  class='hr av-m7a5v2si-df44a0eebafcde24b9e77f58d9b80cbe hr-invisible  avia-builder-el-24  el_after_av_one_full  el_before_av_one_full '><span class='hr-inner '><span class=\"hr-inner-style\"><\/span><\/span><\/div>\n\n<style type=\"text\/css\" data-created_by=\"avia_inline_auto\" id=\"style-css-av-88816r-5a293439ddbeed33a159657d5a424120\">\n.flex_column.av-88816r-5a293439ddbeed33a159657d5a424120{\nborder-width:2px;\nborder-color:#a8d3af;\nborder-style:solid;\nborder-radius:26px 26px 26px 26px;\npadding:30px 30px 30px 30px;\n}\n<\/style>\n<div  class='flex_column av-88816r-5a293439ddbeed33a159657d5a424120 av_one_full  avia-builder-el-25  el_after_av_hr  el_before_av_hr  first flex_column_div  '     ><section  class='av_textblock_section av-l3l7vdzh-96fee64260c1ce6e38846e17d88cbbac '   itemscope=\"itemscope\" itemtype=\"https:\/\/schema.org\/BlogPosting\" itemprop=\"blogPost\" ><div class='avia_textblock'  itemprop=\"text\" ><p class=\"pp_article_paragraph margin\"><strong>Hast Du weitere Tipps zum Vogelschutz?<\/strong> Teile Deine Gedanken ganz einfach mit uns und wir lassen die gesamte Community daran teilhaben!<\/p>\n<\/div><\/section><br \/>\n<div  class='av-social-sharing-box av-lbzgz-9b221ccc211df7e72a09b13b9fde57a5 av-social-sharing-box-rounded  avia-builder-el-27  el_after_av_textblock  avia-builder-el-last  av-social-sharing-box-color-bg av-social-sharing-box-fullwidth'><div class=\"av-share-box\"><ul class=\"av-share-box-list noLightbox\"><li class='av-share-link av-social-link-facebook avia_social_iconfont' ><a target=\"_blank\" aria-label=\"Link to Facebook\" href=\"https:\/\/www.facebook.com\/just.maxenergy\/\" data-av_icon=\"\ue8f3\" data-av_iconfont=\"entypo-fontello\" title=\"\" data-avia-related-tooltip=\"Link to Facebook\" rel=\"nofollow noopener\"><span class='avia_hidden_link_text'>Link to Facebook<\/span><\/a><\/li><li class='av-share-link av-social-link-linkedin avia_social_iconfont' ><a target=\"_blank\" aria-label=\"Link to LinkedIn\" href=\"https:\/\/www.linkedin.com\/company\/maxenergy-at\" data-av_icon=\"\ue8fc\" data-av_iconfont=\"entypo-fontello\" title=\"\" data-avia-related-tooltip=\"Link to LinkedIn\" rel=\"nofollow noopener\"><span class='avia_hidden_link_text'>Link to LinkedIn<\/span><\/a><\/li><li class='av-share-link av-social-link-instagram avia_social_iconfont' ><a target=\"_blank\" aria-label=\"Link to Instagram\" href=\"https:\/\/www.instagram.com\/just_maxenergy\/\" data-av_icon=\"\uf16d\" data-av_iconfont=\"entypo-fontello\" title=\"\" data-avia-related-tooltip=\"Link to Instagram\" rel=\"nofollow noopener\"><span class='avia_hidden_link_text'>Link to Instagram<\/span><\/a><\/li><\/ul><\/div><\/div><\/p><\/div>\n<style type=\"text\/css\" data-created_by=\"avia_inline_auto\" id=\"style-css-av-l3l84qbi-f1c0090a10b065807e9a9f9302a8fd65\">\n#top .hr.hr-invisible.av-l3l84qbi-f1c0090a10b065807e9a9f9302a8fd65{\nheight:30px;\n}\n<\/style>\n<div  class='hr av-l3l84qbi-f1c0090a10b065807e9a9f9302a8fd65 hr-invisible  avia-builder-el-28  el_after_av_one_full  el_before_av_one_full '><span class='hr-inner '><span class=\"hr-inner-style\"><\/span><\/span><\/div><\/p>\n<div  class='flex_column av-461oqr-7758289f00aedb845fa17bdd61b693ef av_one_full  avia-builder-el-29  el_after_av_hr  avia-builder-el-last  first flex_column_div  '     ><section  class='av_textblock_section av-2o110z-5ba8fe10879b0d9cd70f2b30568c3a33 '   itemscope=\"itemscope\" itemtype=\"https:\/\/schema.org\/BlogPosting\" itemprop=\"blogPost\" ><div class='avia_textblock'  itemprop=\"text\" ><h3>Das k\u00f6nnte Dich auch interessieren:<\/h3>\n<\/div><\/section><br \/>\n<div  data-slideshow-options=\"{&quot;animation&quot;:&quot;fade&quot;,&quot;autoplay&quot;:false,&quot;loop_autoplay&quot;:&quot;once&quot;,&quot;interval&quot;:&quot;5&quot;,&quot;loop_manual&quot;:&quot;manual-endless&quot;,&quot;autoplay_stopper&quot;:false,&quot;noNavigation&quot;:false,&quot;show_slide_delay&quot;:90}\" class='avia-content-slider avia-content-slider-active avia-content-slider1 avia-content-slider-odd  avia-builder-el-31  el_after_av_textblock  avia-builder-el-last  av-slideshow-ui av-control-default   av-no-slider-navigation av-slideshow-manual av-loop-once av-loop-manual-endless '  itemscope=\"itemscope\" itemtype=\"https:\/\/schema.org\/Blog\" ><div class=\"avia-content-slider-inner\"><div class=\"slide-entry-wrap\"><article class='slide-entry flex_column  post-entry post-entry-3310 slide-entry-overview slide-loop-1 slide-parity-odd  av_one_third first real-thumbnail posttype-post post-format-standard'  itemscope=\"itemscope\" itemtype=\"https:\/\/schema.org\/BlogPosting\" itemprop=\"blogPost\" ><a href=\"https:\/\/www.maxenergy.at\/magazin\/strom-und-gas-kombitarif-vorteile\/\" data-rel=\"slide-1\" class=\"slide-image\" title=\"Die Vorteile eines Strom und Gas Kombitarifs im \u00dcberblick\"><img decoding=\"async\" loading=\"lazy\" width=\"495\" height=\"400\" src=\"https:\/\/www.maxenergy.at\/magazin\/wp-content\/uploads\/2025\/05\/strom-gas-kombitarif-495x400.jpg\" class=\"wp-image-3312 avia-img-lazy-loading-3312 attachment-portfolio size-portfolio wp-post-image\" alt=\"Gl\u00fcckliches Paar genie\u00dft den Tag unter freiem Himmel \u2013 Symbolbild f\u00fcr Zufriedenheit mit einem Strom und Gas Kombitarif, der Leben einfacher macht.\" srcset=\"https:\/\/www.maxenergy.at\/magazin\/wp-content\/uploads\/2025\/05\/strom-gas-kombitarif-495x400.jpg 495w, https:\/\/www.maxenergy.at\/magazin\/wp-content\/uploads\/2025\/05\/strom-gas-kombitarif-845x684.jpg 845w\" sizes=\"auto, (max-width: 495px) 100vw, 495px\" \/><\/a><div class=\"slide-content\"><header class=\"entry-content-header\" aria-label=\"Slide: Die Vorteile eines Strom und Gas Kombitarifs im \u00dcberblick\"><h3 class='slide-entry-title entry-title '  itemprop=\"headline\" ><a href=\"https:\/\/www.maxenergy.at\/magazin\/strom-und-gas-kombitarif-vorteile\/\" title=\"Die Vorteile eines Strom und Gas Kombitarifs im \u00dcberblick\">Die Vorteile eines Strom und Gas Kombitarifs im \u00dcberblick<\/a><\/h3><span class=\"av-vertical-delimiter\"><\/span><\/header><div class=\"slide-meta\"><time class='slide-meta-time updated'  itemprop=\"datePublished\" datetime=\"2025-05-30T12:05:36+02:00\" >30. Mai 2025<\/time><div class=\"slide-meta-del\">\/<\/div><div class=\"slide-meta-comments\"><a href=\"https:\/\/www.maxenergy.at\/magazin\/strom-und-gas-kombitarif-vorteile\/#respond\">0 Kommentare<\/a><\/div><\/div><div class='slide-entry-excerpt entry-content'  itemprop=\"text\" ><div class=\"read-more-link\"><a href=\"https:\/\/www.maxenergy.at\/magazin\/strom-und-gas-kombitarif-vorteile\/\" class=\"more-link\">Weiterlesen<span class='more-link-arrow avia-svg-icon avia-font-svg_entypo-fontello' data-av_svg_icon='right-open-big' data-av_iconset='svg_entypo-fontello'><svg version=\"1.1\" xmlns=\"http:\/\/www.w3.org\/2000\/svg\" width=\"15\" height=\"32\" viewBox=\"0 0 15 32\" preserveAspectRatio=\"xMidYMid meet\" role=\"graphics-symbol\" aria-hidden=\"true\">\n<path d=\"M0.416 27.84l11.456-11.84-11.456-11.904q-0.832-0.832 0-1.536 0.832-0.832 1.536 0l12.544 12.608q0.768 0.832 0 1.6l-12.544 12.608q-0.704 0.832-1.536 0-0.832-0.704 0-1.536z\"><\/path>\n<\/svg><\/span><\/a><\/div><\/div><\/div><footer class=\"entry-footer\"><\/footer><span class='hidden'>\n\t\t\t\t<span class='av-structured-data'  itemprop=\"image\" itemscope=\"itemscope\" itemtype=\"https:\/\/schema.org\/ImageObject\" >\n\t\t\t\t\t\t<span itemprop='url'>https:\/\/www.maxenergy.at\/magazin\/wp-content\/uploads\/2025\/05\/strom-gas-kombitarif.jpg<\/span>\n\t\t\t\t\t\t<span itemprop='height'>1266<\/span>\n\t\t\t\t\t\t<span itemprop='width'>1899<\/span>\n\t\t\t\t<\/span>\n\t\t\t\t<span class='av-structured-data'  itemprop=\"publisher\" itemtype=\"https:\/\/schema.org\/Organization\" itemscope=\"itemscope\" >\n\t\t\t\t\t\t<span itemprop='name'>Jasmin Wagner<\/span>\n\t\t\t\t\t\t<span itemprop='logo' itemscope itemtype='https:\/\/schema.org\/ImageObject'>\n\t\t\t\t\t\t\t<span itemprop='url'>https:\/\/www.maxenergy.at\/magazin\/wp-content\/uploads\/2024\/04\/MaxEnergy_Logo_Weiss_Clean.svg<\/span>\n\t\t\t\t\t\t<\/span>\n\t\t\t\t<\/span><span class='av-structured-data'  itemprop=\"author\" itemscope=\"itemscope\" itemtype=\"https:\/\/schema.org\/Person\" ><span itemprop='name'>Jasmin Wagner<\/span><\/span><span class='av-structured-data'  itemprop=\"datePublished\" datetime=\"2026-04-28T08:43:33+02:00\" >2025-05-30 12:05:36<\/span><span class='av-structured-data'  itemprop=\"dateModified\" itemtype=\"https:\/\/schema.org\/dateModified\" >2025-05-30 12:05:36<\/span><span class='av-structured-data'  itemprop=\"mainEntityOfPage\" itemtype=\"https:\/\/schema.org\/mainEntityOfPage\" ><span itemprop='name'>Die Vorteile eines Strom und Gas Kombitarifs im \u00dcberblick<\/span><\/span><\/span><\/article><article class='slide-entry flex_column  post-entry post-entry-3209 slide-entry-overview slide-loop-2 slide-parity-even  av_one_third  real-thumbnail posttype-post post-format-standard'  itemscope=\"itemscope\" itemtype=\"https:\/\/schema.org\/BlogPosting\" itemprop=\"blogPost\" ><a href=\"https:\/\/www.maxenergy.at\/magazin\/stromanbieter-guenstig-wechseln\/\" data-rel=\"slide-1\" class=\"slide-image\" title=\"Stromanbieter g\u00fcnstig wechseln in \u00d6sterreich\"><img decoding=\"async\" loading=\"lazy\" width=\"495\" height=\"400\" src=\"https:\/\/www.maxenergy.at\/magazin\/wp-content\/uploads\/2025\/04\/anthony-indraus-Bb9jWuTMPUk-unsplash-Klein-495x400.jpg\" class=\"wp-image-3214 avia-img-lazy-loading-3214 attachment-portfolio size-portfolio wp-post-image\" alt=\"Licht im Glaskolben - Erfahre wie Du Deinen Stromanbieter g\u00fcnstig wechseln kannst\" \/><small class='avia-copyright'>Anthony Indraus<\/small><\/a><div class=\"slide-content\"><header class=\"entry-content-header\" aria-label=\"Slide: Stromanbieter g\u00fcnstig wechseln in \u00d6sterreich\"><h3 class='slide-entry-title entry-title '  itemprop=\"headline\" ><a href=\"https:\/\/www.maxenergy.at\/magazin\/stromanbieter-guenstig-wechseln\/\" title=\"Stromanbieter g\u00fcnstig wechseln in \u00d6sterreich\">Stromanbieter g\u00fcnstig wechseln in \u00d6sterreich<\/a><\/h3><span class=\"av-vertical-delimiter\"><\/span><\/header><div class=\"slide-meta\"><time class='slide-meta-time updated'  itemprop=\"datePublished\" datetime=\"2025-04-22T15:23:20+02:00\" >22. April 2025<\/time><div class=\"slide-meta-del\">\/<\/div><div class=\"slide-meta-comments\"><a href=\"https:\/\/www.maxenergy.at\/magazin\/stromanbieter-guenstig-wechseln\/#respond\">0 Kommentare<\/a><\/div><\/div><div class='slide-entry-excerpt entry-content'  itemprop=\"text\" ><div class=\"read-more-link\"><a href=\"https:\/\/www.maxenergy.at\/magazin\/stromanbieter-guenstig-wechseln\/\" class=\"more-link\">Weiterlesen<span class='more-link-arrow avia-svg-icon avia-font-svg_entypo-fontello' data-av_svg_icon='right-open-big' data-av_iconset='svg_entypo-fontello'><svg version=\"1.1\" xmlns=\"http:\/\/www.w3.org\/2000\/svg\" width=\"15\" height=\"32\" viewBox=\"0 0 15 32\" preserveAspectRatio=\"xMidYMid meet\" role=\"graphics-symbol\" aria-hidden=\"true\">\n<path d=\"M0.416 27.84l11.456-11.84-11.456-11.904q-0.832-0.832 0-1.536 0.832-0.832 1.536 0l12.544 12.608q0.768 0.832 0 1.6l-12.544 12.608q-0.704 0.832-1.536 0-0.832-0.704 0-1.536z\"><\/path>\n<\/svg><\/span><\/a><\/div><\/div><\/div><footer class=\"entry-footer\"><\/footer><span class='hidden'>\n\t\t\t\t<span class='av-structured-data'  itemprop=\"image\" itemscope=\"itemscope\" itemtype=\"https:\/\/schema.org\/ImageObject\" >\n\t\t\t\t\t\t<span itemprop='url'>https:\/\/www.maxenergy.at\/magazin\/wp-content\/uploads\/2025\/04\/anthony-indraus-Bb9jWuTMPUk-unsplash-Klein.jpg<\/span>\n\t\t\t\t\t\t<span itemprop='height'>480<\/span>\n\t\t\t\t\t\t<span itemprop='width'>853<\/span>\n\t\t\t\t<\/span>\n\t\t\t\t<span class='av-structured-data'  itemprop=\"publisher\" itemtype=\"https:\/\/schema.org\/Organization\" itemscope=\"itemscope\" >\n\t\t\t\t\t\t<span itemprop='name'>Nicki Teumer<\/span>\n\t\t\t\t\t\t<span itemprop='logo' itemscope itemtype='https:\/\/schema.org\/ImageObject'>\n\t\t\t\t\t\t\t<span itemprop='url'>https:\/\/www.maxenergy.at\/magazin\/wp-content\/uploads\/2024\/04\/MaxEnergy_Logo_Weiss_Clean.svg<\/span>\n\t\t\t\t\t\t<\/span>\n\t\t\t\t<\/span><span class='av-structured-data'  itemprop=\"author\" itemscope=\"itemscope\" itemtype=\"https:\/\/schema.org\/Person\" ><span itemprop='name'>Nicki Teumer<\/span><\/span><span class='av-structured-data'  itemprop=\"datePublished\" datetime=\"2026-04-28T08:43:33+02:00\" >2025-04-22 15:23:20<\/span><span class='av-structured-data'  itemprop=\"dateModified\" itemtype=\"https:\/\/schema.org\/dateModified\" >2025-04-22 15:23:20<\/span><span class='av-structured-data'  itemprop=\"mainEntityOfPage\" itemtype=\"https:\/\/schema.org\/mainEntityOfPage\" ><span itemprop='name'>Stromanbieter g\u00fcnstig wechseln in \u00d6sterreich<\/span><\/span><\/span><\/article><article class='slide-entry flex_column  post-entry post-entry-3199 slide-entry-overview slide-loop-3 slide-parity-odd  post-entry-last  av_one_third  real-thumbnail posttype-post post-format-standard'  itemscope=\"itemscope\" itemtype=\"https:\/\/schema.org\/BlogPosting\" itemprop=\"blogPost\" ><a href=\"https:\/\/www.maxenergy.at\/magazin\/oekostromanbieter-wechseln\/\" data-rel=\"slide-1\" class=\"slide-image\" title=\"Warum Du jetzt Deinen \u00d6kostromanbieter wechseln solltest\"><img decoding=\"async\" loading=\"lazy\" width=\"495\" height=\"400\" src=\"https:\/\/www.maxenergy.at\/magazin\/wp-content\/uploads\/2025\/04\/header-oekostromanbieter-wechseln-495x400.jpg\" class=\"wp-image-3252 avia-img-lazy-loading-3252 attachment-portfolio size-portfolio wp-post-image\" alt=\"Entspannte Person liegt auf dem Bett \u2013 sorgt mit dem Wechseln zum \u00d6kostromanbieter MAXENERGY f\u00fcr gr\u00fcne Energie und mehr Gelassenheit im Alltag.\" srcset=\"https:\/\/www.maxenergy.at\/magazin\/wp-content\/uploads\/2025\/04\/header-oekostromanbieter-wechseln-495x400.jpg 495w, https:\/\/www.maxenergy.at\/magazin\/wp-content\/uploads\/2025\/04\/header-oekostromanbieter-wechseln-845x684.jpg 845w\" sizes=\"auto, (max-width: 495px) 100vw, 495px\" \/><\/a><div class=\"slide-content\"><header class=\"entry-content-header\" aria-label=\"Slide: Warum Du jetzt Deinen \u00d6kostromanbieter wechseln solltest\"><h3 class='slide-entry-title entry-title '  itemprop=\"headline\" ><a href=\"https:\/\/www.maxenergy.at\/magazin\/oekostromanbieter-wechseln\/\" title=\"Warum Du jetzt Deinen \u00d6kostromanbieter wechseln solltest\">Warum Du jetzt Deinen \u00d6kostromanbieter wechseln solltest<\/a><\/h3><span class=\"av-vertical-delimiter\"><\/span><\/header><div class=\"slide-meta\"><time class='slide-meta-time updated'  itemprop=\"datePublished\" datetime=\"2025-04-17T14:14:44+02:00\" >17. April 2025<\/time><div class=\"slide-meta-del\">\/<\/div><div class=\"slide-meta-comments\"><a href=\"https:\/\/www.maxenergy.at\/magazin\/oekostromanbieter-wechseln\/#respond\">0 Kommentare<\/a><\/div><\/div><div class='slide-entry-excerpt entry-content'  itemprop=\"text\" ><div class=\"read-more-link\"><a href=\"https:\/\/www.maxenergy.at\/magazin\/oekostromanbieter-wechseln\/\" class=\"more-link\">Weiterlesen<span class='more-link-arrow avia-svg-icon avia-font-svg_entypo-fontello' data-av_svg_icon='right-open-big' data-av_iconset='svg_entypo-fontello'><svg version=\"1.1\" xmlns=\"http:\/\/www.w3.org\/2000\/svg\" width=\"15\" height=\"32\" viewBox=\"0 0 15 32\" preserveAspectRatio=\"xMidYMid meet\" role=\"graphics-symbol\" aria-hidden=\"true\">\n<path d=\"M0.416 27.84l11.456-11.84-11.456-11.904q-0.832-0.832 0-1.536 0.832-0.832 1.536 0l12.544 12.608q0.768 0.832 0 1.6l-12.544 12.608q-0.704 0.832-1.536 0-0.832-0.704 0-1.536z\"><\/path>\n<\/svg><\/span><\/a><\/div><\/div><\/div><footer class=\"entry-footer\"><\/footer><span class='hidden'>\n\t\t\t\t<span class='av-structured-data'  itemprop=\"image\" itemscope=\"itemscope\" itemtype=\"https:\/\/schema.org\/ImageObject\" >\n\t\t\t\t\t\t<span itemprop='url'>https:\/\/www.maxenergy.at\/magazin\/wp-content\/uploads\/2025\/04\/header-oekostromanbieter-wechseln.jpg<\/span>\n\t\t\t\t\t\t<span itemprop='height'>1927<\/span>\n\t\t\t\t\t\t<span itemprop='width'>2890<\/span>\n\t\t\t\t<\/span>\n\t\t\t\t<span class='av-structured-data'  itemprop=\"publisher\" itemtype=\"https:\/\/schema.org\/Organization\" itemscope=\"itemscope\" >\n\t\t\t\t\t\t<span itemprop='name'>Jasmin Wagner<\/span>\n\t\t\t\t\t\t<span itemprop='logo' itemscope itemtype='https:\/\/schema.org\/ImageObject'>\n\t\t\t\t\t\t\t<span itemprop='url'>https:\/\/www.maxenergy.at\/magazin\/wp-content\/uploads\/2024\/04\/MaxEnergy_Logo_Weiss_Clean.svg<\/span>\n\t\t\t\t\t\t<\/span>\n\t\t\t\t<\/span><span class='av-structured-data'  itemprop=\"author\" itemscope=\"itemscope\" itemtype=\"https:\/\/schema.org\/Person\" ><span itemprop='name'>Jasmin Wagner<\/span><\/span><span class='av-structured-data'  itemprop=\"datePublished\" datetime=\"2026-04-28T08:43:33+02:00\" >2025-04-17 14:14:44<\/span><span class='av-structured-data'  itemprop=\"dateModified\" itemtype=\"https:\/\/schema.org\/dateModified\" >2025-04-22 08:11:09<\/span><span class='av-structured-data'  itemprop=\"mainEntityOfPage\" itemtype=\"https:\/\/schema.org\/mainEntityOfPage\" ><span itemprop='name'>Warum Du jetzt Deinen \u00d6kostromanbieter wechseln solltest<\/span><\/span><\/span><\/article><\/div><\/div><\/div><\/p><\/div>\n","protected":false},"excerpt":{"rendered":"<p>Wer beim Thema Energie auf dem Laufenden bleibt, kann bares Geld sparen. Denn gerade in den letzten Jahren haben die Strom- und Gaspreise stark geschwankt \u2013 mit teils erheblichen Unterschieden zwischen den einzelnen Versorgern.<\/p>\n","protected":false},"author":10,"featured_media":3507,"comment_status":"open","ping_status":"open","sticky":false,"template":"","format":"standard","meta":{"footnotes":""},"categories":[3],"tags":[295,213,261,150,298,72,297,296],"class_list":["post-3506","post","type-post","status-publish","format-standard","has-post-thumbnail","hentry","category-umwelt","tag-brutzeit","tag-fruehling","tag-naturschutz","tag-sommer","tag-tierschutz","tag-umwelt","tag-umweltschutz","tag-voegel"],"_links":{"self":[{"href":"https:\/\/www.maxenergy.at\/magazin\/wp-json\/wp\/v2\/posts\/3506","targetHints":{"allow":["GET"]}}],"collection":[{"href":"https:\/\/www.maxenergy.at\/magazin\/wp-json\/wp\/v2\/posts"}],"about":[{"href":"https:\/\/www.maxenergy.at\/magazin\/wp-json\/wp\/v2\/types\/post"}],"author":[{"embeddable":true,"href":"https:\/\/www.maxenergy.at\/magazin\/wp-json\/wp\/v2\/users\/10"}],"replies":[{"embeddable":true,"href":"https:\/\/www.maxenergy.at\/magazin\/wp-json\/wp\/v2\/comments?post=3506"}],"version-history":[{"count":10,"href":"https:\/\/www.maxenergy.at\/magazin\/wp-json\/wp\/v2\/posts\/3506\/revisions"}],"predecessor-version":[{"id":3526,"href":"https:\/\/www.maxenergy.at\/magazin\/wp-json\/wp\/v2\/posts\/3506\/revisions\/3526"}],"wp:featuredmedia":[{"embeddable":true,"href":"https:\/\/www.maxenergy.at\/magazin\/wp-json\/wp\/v2\/media\/3507"}],"wp:attachment":[{"href":"https:\/\/www.maxenergy.at\/magazin\/wp-json\/wp\/v2\/media?parent=3506"}],"wp:term":[{"taxonomy":"category","embeddable":true,"href":"https:\/\/www.maxenergy.at\/magazin\/wp-json\/wp\/v2\/categories?post=3506"},{"taxonomy":"post_tag","embeddable":true,"href":"https:\/\/www.maxenergy.at\/magazin\/wp-json\/wp\/v2\/tags?post=3506"}],"curies":[{"name":"wp","href":"https:\/\/api.w.org\/{rel}","templated":true}]}}