{"id":2696,"date":"2023-08-18T13:19:26","date_gmt":"2023-08-18T11:19:26","guid":{"rendered":"https:\/\/www.maxenergy.at\/magazin\/?p=2696"},"modified":"2024-04-09T08:03:32","modified_gmt":"2024-04-09T06:03:32","slug":"ebikes-und-eroller-darum-sind-sie-so-beliebt","status":"publish","type":"post","link":"https:\/\/www.maxenergy.at\/magazin\/ebikes-und-eroller-darum-sind-sie-so-beliebt\/","title":{"rendered":"eBikes und eRoller: Darum sind sie so beliebt."},"content":{"rendered":"\n<style type=\"text\/css\" data-created_by=\"avia_inline_auto\" id=\"style-css-av-zmt96f-fc078d608b237236267e2a832560cd79\">\n.avia-section.av-zmt96f-fc078d608b237236267e2a832560cd79{\nbackground-color:rgba(0,0,0,0.5);\nbackground-image:url(https:\/\/www.maxenergy.at\/magazin\/wp-content\/uploads\/2023\/08\/Header-eBikes-und-eRoller-1-1030x607.jpg);\nbackground-repeat:no-repeat;\nbackground-position:50% 100%;\nbackground-attachment:fixed;\n}\n<\/style>\n<div id='av_section_1'  class='avia-section av-zmt96f-fc078d608b237236267e2a832560cd79 main_color avia-section-default avia-no-border-styling  avia-builder-el-0  el_before_av_textblock  avia-builder-el-first  Background-Container__Article avia-full-stretch avia-bg-style-fixed av-minimum-height av-minimum-height-50 av-height-50  container_wrap sidebar_left'  data-section-bg-repeat='stretch' data-av_minimum_height_pc='50' data-av_min_height_opt='50'><div class='container av-section-cont-open' ><main  role=\"main\" itemprop=\"mainContentOfPage\"  class='template-page content  av-content-small units'><div class='post-entry post-entry-type-page post-entry-2696'><div class='entry-content-wrapper clearfix'>\n<div  class='flex_column av-xh3bvb-fcbde0c5fdbc001a8a7be4aef1e4b3d0 av_one_fifth  avia-builder-el-1  el_before_av_three_fifth  avia-builder-el-first  first flex_column_div  '     ><\/div><div  class='flex_column av-voovd3-361daf231b530bd6904440fd981a5cbc av_three_fifth  avia-builder-el-2  el_after_av_one_fifth  el_before_av_one_fifth  flex_column_div  '     ><style type=\"text\/css\" data-created_by=\"avia_inline_auto\" id=\"style-css-av-uo0khz-c3d7ab664a5e7b9f37a493f5fdd4bf8d\">\n#top .av_textblock_section.av-uo0khz-c3d7ab664a5e7b9f37a493f5fdd4bf8d .avia_textblock{\nfont-size:40px;\ncolor:#ffffff;\n}\n<\/style>\n<section  class='av_textblock_section av-uo0khz-c3d7ab664a5e7b9f37a493f5fdd4bf8d '   itemscope=\"itemscope\" itemtype=\"https:\/\/schema.org\/BlogPosting\" itemprop=\"blogPost\" ><div class='avia_textblock av_inherit_color'  itemprop=\"text\" ><p style=\"text-align: center;\">UMWELT<\/p>\n<\/div><\/section><br \/>\n\n<style type=\"text\/css\" data-created_by=\"avia_inline_auto\" id=\"style-css-av-shkhtz-61c0ba305e975bfcb4478dbdb5f37eea\">\n#top .hr.av-shkhtz-61c0ba305e975bfcb4478dbdb5f37eea{\nmargin-top:30px;\nmargin-bottom:30px;\n}\n.hr.av-shkhtz-61c0ba305e975bfcb4478dbdb5f37eea .hr-inner{\nwidth:50px;\nborder-color:#ffffff;\n}\n<\/style>\n<div  class='hr av-shkhtz-61c0ba305e975bfcb4478dbdb5f37eea hr-custom  avia-builder-el-4  el_after_av_textblock  avia-builder-el-last  hr-center hr-icon-no'><span class='hr-inner inner-border-av-border-fat'><span class=\"hr-inner-style\"><\/span><\/span><\/div><\/p><\/div><div  class='flex_column av-rryfdz-663c5681ce4c50745360c4b50d35b688 av_one_fifth  avia-builder-el-5  el_after_av_three_fifth  avia-builder-el-last  flex_column_div  '     ><\/div>\n<\/div><\/div><\/main><!-- close content main element --><\/div><\/div><div id='after_section_1'  class='main_color av_default_container_wrap container_wrap sidebar_left'  ><div class='container av-section-cont-open' ><div class='template-page content  av-content-small units'><div class='post-entry post-entry-type-page post-entry-2696'><div class='entry-content-wrapper clearfix'>\n<section  class='av_textblock_section av-lkkt3ep7-1a31a67c53d954e2cf2699a99b785337 '   itemscope=\"itemscope\" itemtype=\"https:\/\/schema.org\/BlogPosting\" itemprop=\"blogPost\" ><div class='avia_textblock'  itemprop=\"text\" ><div id=\"author_pic\"><a href=\"https:\/\/www.maxenergy.at\/magazin\/author\/patricia\/\" rel=\"author\"><\/a><\/div>\n<h1><strong>eBikes und eRoller werden immer beliebter:<\/strong><\/h1>\n<h2><strong>Elektrofahrzeuge als umweltfreundliche Mobilit\u00e4tsl\u00f6sungen<\/strong><\/h2>\n<\/div><\/section>\n<div  class='av-post-metadata-container av-ozllnr-892f58eb50c9c437d66f16cba0f66d48 av-metadata-container-align-left  avia-builder-el-7  el_after_av_textblock  el_before_av_hr  av-metadata-container-1'><div class='av-post-metadata-container-inner'><span class=\"av-post-metadata-content av-post-metadata-meta-content\"><span class=\"av-post-metadata-content av-post-metadata-author\"  itemprop=\"author\" ><span class=\"av-post-metadata-author-link\" ><a href=\"https:\/\/www.maxenergy.at\/magazin\/author\/patricia\/\"  rel=\"author\">Patricia Strixner<\/a><\/span><\/span><span class=\"av-post-metadata-content av-post-metadata-separator\">\/<\/span><span class=\"av-post-metadata-content av-post-metadata-published\"><span class=\"av-post-metadata-published-date\" >18. August 2023<\/span><\/span><span class=\"av-post-metadata-content av-post-metadata-separator\">\/<\/span><span class=\"av-post-metadata-content av-post-metadata-category\"><span class=\"av-metadata-before av-metadata-before-categories\">in<\/span><span class=\"av-post-metadata-category-link\" ><a href=\"https:\/\/www.maxenergy.at\/magazin\/category\/umwelt\/\" >Umwelt<\/a><\/span><\/span><\/span><\/div><\/div>\n\n<style type=\"text\/css\" data-created_by=\"avia_inline_auto\" id=\"style-css-av-jfeds7-a896cf3958d92336175a685b16270574\">\n#top .hr.hr-invisible.av-jfeds7-a896cf3958d92336175a685b16270574{\nheight:30px;\n}\n<\/style>\n<div  class='hr av-jfeds7-a896cf3958d92336175a685b16270574 hr-invisible  avia-builder-el-8  el_after_av_post_metadata  el_before_av_textblock '><span class='hr-inner '><span class=\"hr-inner-style\"><\/span><\/span><\/div>\n<section  class='av_textblock_section av-lkl6aea6-20ca98471082f01008ad248096338c55 '   itemscope=\"itemscope\" itemtype=\"https:\/\/schema.org\/BlogPosting\" itemprop=\"blogPost\" ><div class='avia_textblock'  itemprop=\"text\" ><p>In Zeiten, in denen der Klimawandel immer pr\u00e4senter wird und uns klar ist, wie umweltsch\u00e4dlich Fahrzeuge mit Verbrennungsmotor sind, suchen wir st\u00e4rker nach nachhaltigen und umweltfreundlichen Alternativen im Bereich der Mobilit\u00e4t. Hier kommen Elektrofahrzeuge ins Spiel! Insbesondere eBikes und eRoller, die als vielversprechende und umweltfreundliche Fahrzeuge gelten.<\/p>\n<p>Wir pr\u00fcfen, wie umweltfreundlich die E-Fahrzeuge wirklich sind und werfen f\u00fcr Dich nochmal einen Blick auf die Vor- und Nachteile von eBikes und eRollern.<\/p>\n<\/div><\/section>\n<section  class='av_textblock_section av-llggn9zq-b26b7856048d94a3dd08179259d984d7 '   itemscope=\"itemscope\" itemtype=\"https:\/\/schema.org\/BlogPosting\" itemprop=\"blogPost\" ><div class='avia_textblock'  itemprop=\"text\" ><h2>Sind eBikes und eRoller wirklich so umweltfreundlich?<\/h2>\n<p>F\u00e4hrst Du mit dem eBike oder dem eRoller anstatt mit einem Auto mit Verbrennungsmotor, hast Du bereits einen gro\u00dfen Schritt Richtung Umweltschutz getan: Im Vergleich zu herk\u00f6mmlichen Benzin- oder Dieselantrieben erzeugen die E-Fahrzeuge<strong> keine sch\u00e4dlichen Abgase<\/strong> und tragen somit erheblich zur Reduzierung der Luftverschmutzung und des Treibhausgasaussto\u00dfes bei. Dies ist insbesondere in der Stadt von gro\u00dfer Bedeutung, wo die Luftqualit\u00e4t oft beeintr\u00e4chtigt ist.<\/p>\n<p>Um noch umweltfreundlicher zu handeln, solltest Du aber noch mehr beachten:<\/p>\n<ol>\n<li>Dein Strom zum Aufladen Deines eBikes oder eRollers sollte mit <strong>Strom aus erneuerbaren Energien geladen werden<\/strong>. F\u00fcr Deinen Strom Zuhause bietet Dir beispielsweise <a href=\"https:\/\/www.maxenergy.at\/Tarifrechner\/\"><u>MAXENERGY Tarife mit 100% \u00d6kostrom<\/u><\/a>.<\/li>\n<li>Informiere Dich \u00fcber die <strong>Herstellung und die Entsorgungsm\u00f6glichkeiten des eBikes oder des eRollers<\/strong>. Die Herstellung und Entsorgung der Batterien kamen schon oft als umweltsch\u00e4dlich in Verruf. Viele Hersteller haben jedoch in den letzten Jahren gro\u00dfe Fortschritte in der Batterietechnologie und dem Recyclingprozess gemacht.<\/li>\n<\/ol>\n<\/div><\/section>\n<div  class='av_promobox av-lkl6fsfu-09ee56fc0a925751d00a9992b42a3026 avia-button-yes  avia-builder-el-11  el_after_av_textblock  el_before_av_textblock  promo-box__wrapper'><div class='avia-promocontent'><p>\nDu willst umweltschonende Energie? Dann schau Dir unsere Angebote mit 100% \u00d6kostrom an und finde den passenden Tarif f\u00fcr Dich.<\/p>\n<\/div><div  class='avia-button-wrap av-lkl6fsfu-70d1df8a1420cf5f5ea5f83b2a87472e-wrap avia-button-right  promo-box__wrapper'><a href='https:\/\/www.maxenergy.at\/?utm_campaign=MAXMagazin'  class='avia-button av-lkl6fsfu-70d1df8a1420cf5f5ea5f83b2a87472e av-link-btn avia-icon_select-no avia-size-large avia-position-right avia-color-grey'  target=\"_blank\"  rel=\"noopener noreferrer\"  aria-label=\"Jetzt Tarif berechnen\"><span class='avia_iconbox_title' >Jetzt Tarif berechnen<\/span><\/a><\/div><\/div>\n<section  class='av_textblock_section av-lkl6hf6t-b5f753d50437e57b202d580dee36face '   itemscope=\"itemscope\" itemtype=\"https:\/\/schema.org\/BlogPosting\" itemprop=\"blogPost\" ><div class='avia_textblock'  itemprop=\"text\" ><h2>Darum lohnen sich eBikes und eRoller:<\/h2>\n<ol>\n<li><strong>Umweltfreundlich:<\/strong> Wie bereits erw\u00e4hnt, sind eBikes und eRoller im Vergleich zu Verbrennungsfahrzeugen umweltfreundlich und tragen zur Reduzierung der CO<sub>2<\/sub>-Emissionen bei.<\/li>\n<li><strong>Kosten sparen:<\/strong> Elektrischer Strom ist oft g\u00fcnstiger als Benzin oder Diesel. Die Betriebskosten von eBikes und eRollern sind daher in der Regel niedriger.<\/li>\n<li><strong>Stadttauglich:<\/strong> Die kompakte Gr\u00f6\u00dfe von eBikes und eRollern macht sie ideal f\u00fcr den Stadtverkehr. Damit kannst Du leicht durch enge Stra\u00dfen fahren und bist unabh\u00e4ngig von Staus oder sonstigen Einschr\u00e4nkungen im Stra\u00dfenverkehr.<\/li>\n<li><strong>Geringer Platzbedarf:<\/strong> Sowohl eBikes als auch eRoller ben\u00f6tigen weniger Parkplatzraum als herk\u00f6mmliche Autos. Damit k\u00f6nnen die Parkplatzprobleme in \u00fcberf\u00fcllten St\u00e4dten reduziert werden.<\/li>\n<li><strong>Gesundheitsf\u00f6rdernd:<\/strong> eBikes f\u00f6rdern die k\u00f6rperliche Aktivit\u00e4t, da Fahrer:innen immer noch in die Pedale treten m\u00fcssen, auch wenn der Elektromotor hilft.<\/li>\n<\/ol>\n<\/div><\/section>\n<section  class='av_textblock_section av-lkvagtas-b2a5dfd32023fb2bcb04e3174b5b40ad '   itemscope=\"itemscope\" itemtype=\"https:\/\/schema.org\/BlogPosting\" itemprop=\"blogPost\" ><div class='avia_textblock'  itemprop=\"text\" ><h2>Das sollte noch verbessert werden:<\/h2>\n<ol>\n<li><strong>Beschr\u00e4nkte Reichweite:<\/strong> Die Batterien von Elektrofahrzeugen m\u00fcssen regelm\u00e4\u00dfig aufgeladen werden, wenn die Reichweite nicht besonders hoch ist. Doch durch stetige Entwicklungen haben viele eBikes mittlerweile Reichweiten von bis zu 150 km. Tipp von uns: Finde eine konkrete Zeit in Deinem Tagesablauf, in welche Du das Aufladen integrieren kannst.<\/li>\n<li><strong>Ladeinfrastruktur:<\/strong> Obwohl sich die Ladesituation stetig verbessert, ist die Verf\u00fcgbarkeit von Ladestationen f\u00fcr eBikes und eRoller m\u00f6glicherweise noch nicht so weit verbreitet wie f\u00fcr Elektroautos.<\/li>\n<li><strong>Anschaffungskosten:<\/strong> Der anf\u00e4ngliche Kaufpreis von eBikes und eRollern kann h\u00f6her sein als der von herk\u00f6mmlichen Fahrr\u00e4dern oder Rollern. Das kann zun\u00e4chst abschreckend wirken.<\/li>\n<\/ol>\n<\/div><\/section>\n\n<style type=\"text\/css\" data-created_by=\"avia_inline_auto\" id=\"style-css-av-elz0zb-42e652f4b3bdd7f22ba09dc11eebc2a2\">\n#top .hr.hr-invisible.av-elz0zb-42e652f4b3bdd7f22ba09dc11eebc2a2{\nheight:30px;\n}\n<\/style>\n<div  class='hr av-elz0zb-42e652f4b3bdd7f22ba09dc11eebc2a2 hr-invisible  avia-builder-el-14  el_after_av_textblock  el_before_av_textblock '><span class='hr-inner '><span class=\"hr-inner-style\"><\/span><\/span><\/div>\n<section  class='av_textblock_section av-ll68p3h4-fed742ba4eab7cdcf10bd6a7f4931d65 '   itemscope=\"itemscope\" itemtype=\"https:\/\/schema.org\/BlogPosting\" itemprop=\"blogPost\" ><div class='avia_textblock'  itemprop=\"text\" ><h2>Unsere Prognose:<\/h2>\n<p><strong>eBikes und eRoller sind die Zukunft<\/strong>. Immer mehr St\u00e4dte wollen umweltbewusster handeln und versuchen den Verkehr nachhaltiger zu gestalten, weshalb E-Mobilit\u00e4t immer relevanter wird. Au\u00dferdem wird die Technologie der Batterien st\u00e4ndig verbessert, was zu l\u00e4ngeren Reichweiten und k\u00fcrzeren Ladezeiten f\u00fchrt.<\/p>\n<\/div><\/section>\n\n<style type=\"text\/css\" data-created_by=\"avia_inline_auto\" id=\"style-css-av-9gxxlj-dc046cbc606b3902a5b633f358ebd72a\">\n#top .hr.hr-invisible.av-9gxxlj-dc046cbc606b3902a5b633f358ebd72a{\nheight:30px;\n}\n<\/style>\n<div  class='hr av-9gxxlj-dc046cbc606b3902a5b633f358ebd72a hr-invisible  avia-builder-el-16  el_after_av_textblock  el_before_av_textblock '><span class='hr-inner '><span class=\"hr-inner-style\"><\/span><\/span><\/div>\n<section  class='av_textblock_section av-lkl6oinw-70ab744feacccf18aa9c41f8a9fb8b01 '   itemscope=\"itemscope\" itemtype=\"https:\/\/schema.org\/BlogPosting\" itemprop=\"blogPost\" ><div class='avia_textblock'  itemprop=\"text\" ><h2 id=\"4.WasbeiUmzugsservicebeachten\" class=\"pp_heading\" data-w-id=\"9f21f920-27e8-c9f7-1d2d-26cd4e44412f\" data-wf-id=\"[\">eBikes und eRoller &#8211; FAQ<\/h2>\n<\/div><\/section>\n\n<style type=\"text\/css\" data-created_by=\"avia_inline_auto\" id=\"style-css-av-lkl7ztcf-d0ec00255d55ed17e1c03f20e7574137\">\n#top .togglecontainer.av-lkl7ztcf-d0ec00255d55ed17e1c03f20e7574137 p.toggler{\nbackground-color:#ffffff;\nborder-color:#85ffdb;\n}\n#top .togglecontainer.av-lkl7ztcf-d0ec00255d55ed17e1c03f20e7574137 .toggle_wrap .toggle_content{\nbackground-color:#ffffff;\nborder-color:#85ffdb;\n}\n<\/style>\n<div  class='togglecontainer av-lkl7ztcf-d0ec00255d55ed17e1c03f20e7574137 av-minimal-toggle  avia-builder-el-18  el_after_av_textblock  el_before_av_one_full  toggle_close_all'  itemscope=\"itemscope\" itemtype=\"https:\/\/schema.org\/FAQPage\" >\n<section class='av_toggle_section av-lkl6yhdj-38dcdf93086922926fdfe48c139492ce'  itemscope=\"itemscope\" itemprop=\"mainEntity\" itemtype=\"https:\/\/schema.org\/Question\" ><div role=\"tablist\" class=\"single_toggle\" data-tags=\"{Alle} \"  ><p id='toggle-toggle-id-1' data-fake-id='#toggle-id-1' class='toggler  av-title-above av-inherit-border-color'  itemprop=\"name\"  role='tab' tabindex='0' aria-controls='toggle-id-1' data-slide-speed=\"200\" data-title=\"Sind eBikes und eRoller umweltfreundlich?\" data-title-open=\"\" data-aria_collapsed=\"Click to expand: Sind eBikes und eRoller umweltfreundlich?\" data-aria_expanded=\"Click to collapse: Sind eBikes und eRoller umweltfreundlich?\">Sind eBikes und eRoller umweltfreundlich?<span class=\"toggle_icon\"><span class=\"vert_icon\"><\/span><span class=\"hor_icon\"><\/span><\/span><\/p><div id='toggle-id-1' aria-labelledby='toggle-toggle-id-1' role='region' class='toggle_wrap  av-title-above'   itemscope=\"itemscope\" itemprop=\"acceptedAnswer\" itemtype=\"https:\/\/schema.org\/Answer\" ><div class='toggle_content invers-color av-inherit-border-color'  itemprop=\"text\" ><p>Ja, denn mit eBikes und eRollern erzeugst du keine sch\u00e4dlichen Abgase, wie mit einem Auto mit Verbrennungsmotor. Achte auf umweltfreundlichen Strom f\u00fcr die Ladung und gute Herstellungsbedingungen um maximal umweltschonend zu sein.<\/p>\n<\/div><\/div><\/div><\/section>\n<section class='av_toggle_section av-lkl709t9-47313be7e85a368e80e9553c2385221e'  itemscope=\"itemscope\" itemprop=\"mainEntity\" itemtype=\"https:\/\/schema.org\/Question\" ><div role=\"tablist\" class=\"single_toggle\" data-tags=\"{Alle} \"  ><p id='toggle-toggle-id-2' data-fake-id='#toggle-id-2' class='toggler  av-title-above av-inherit-border-color'  itemprop=\"name\"  role='tab' tabindex='0' aria-controls='toggle-id-2' data-slide-speed=\"200\" data-title=\"Lohnen sich eBikes und eRoller?\" data-title-open=\"\" data-aria_collapsed=\"Click to expand: Lohnen sich eBikes und eRoller?\" data-aria_expanded=\"Click to collapse: Lohnen sich eBikes und eRoller?\">Lohnen sich eBikes und eRoller?<span class=\"toggle_icon\"><span class=\"vert_icon\"><\/span><span class=\"hor_icon\"><\/span><\/span><\/p><div id='toggle-id-2' aria-labelledby='toggle-toggle-id-2' role='region' class='toggle_wrap  av-title-above'   itemscope=\"itemscope\" itemprop=\"acceptedAnswer\" itemtype=\"https:\/\/schema.org\/Answer\" ><div class='toggle_content invers-color av-inherit-border-color'  itemprop=\"text\" ><p>Ja, denn eBikes und eRoller sind umweltfreundlich, sparen Kosten, durch g\u00fcnstigeren Strom im Vergleich zu Benzin oder Diesel und ben\u00f6tigen weniger Platz in den Stra\u00dfen und beim Parken. Au\u00dferdem tust du mit dem Fahren eines eBikes etwas f\u00fcr Deine Gesundheit!<\/p>\n<\/div><\/div><\/div><\/section>\n<section class='av_toggle_section av-lkl82acs-ad70654ab2d70de3044a86104316ce68'  itemscope=\"itemscope\" itemprop=\"mainEntity\" itemtype=\"https:\/\/schema.org\/Question\" ><div role=\"tablist\" class=\"single_toggle\" data-tags=\"{Alle} \"  ><p id='toggle-toggle-id-3' data-fake-id='#toggle-id-3' class='toggler  av-title-above av-inherit-border-color'  itemprop=\"name\"  role='tab' tabindex='0' aria-controls='toggle-id-3' data-slide-speed=\"200\" data-title=\"Reicht der Akku eine eBikes oder eRollers lang?\" data-title-open=\"\" data-aria_collapsed=\"Click to expand: Reicht der Akku eine eBikes oder eRollers lang?\" data-aria_expanded=\"Click to collapse: Reicht der Akku eine eBikes oder eRollers lang?\">Reicht der Akku eine eBikes oder eRollers lang?<span class=\"toggle_icon\"><span class=\"vert_icon\"><\/span><span class=\"hor_icon\"><\/span><\/span><\/p><div id='toggle-id-3' aria-labelledby='toggle-toggle-id-3' role='region' class='toggle_wrap  av-title-above'   itemscope=\"itemscope\" itemprop=\"acceptedAnswer\" itemtype=\"https:\/\/schema.org\/Answer\" ><div class='toggle_content invers-color av-inherit-border-color'  itemprop=\"text\" ><p>Wie lange der Akku Deines eBikes oder eRollers h\u00e4lt, ist abh\u00e4ngig vom Modell. Entgegen der Meinung, die Akkus seien schnell leer, verbessern Hersteller diese kontinuierlich weiter, so dass die Reichweite immer gr\u00f6\u00dfer wird.<\/p>\n<\/div><\/div><\/div><\/section>\n<\/div>\n<div  class='flex_column av-ot6t3-a000adee3de48bb6aab604fc1c0e20e4 av_one_full  avia-builder-el-19  el_after_av_toggle_container  avia-builder-el-last  first flex_column_div  '     ><p>\n<style type=\"text\/css\" data-created_by=\"avia_inline_auto\" id=\"style-css-av-6grwev-04420e65d5435be7b703d4aa99548fe2\">\n#top .hr.hr-invisible.av-6grwev-04420e65d5435be7b703d4aa99548fe2{\nheight:30px;\n}\n<\/style>\n<div  class='hr av-6grwev-04420e65d5435be7b703d4aa99548fe2 hr-invisible  avia-builder-el-20  el_before_av_textblock  avia-builder-el-first '><span class='hr-inner '><span class=\"hr-inner-style\"><\/span><\/span><\/div><br \/>\n<section  class='av_textblock_section av-3ysg1j-c0d99486f0b9799940b246ceaabf6475 '   itemscope=\"itemscope\" itemtype=\"https:\/\/schema.org\/BlogPosting\" itemprop=\"blogPost\" ><div class='avia_textblock'  itemprop=\"text\" ><h2>Das k\u00f6nnte Dich auch interessieren:<\/h2>\n<\/div><\/section><br \/>\n<div  data-slideshow-options=\"{&quot;animation&quot;:&quot;fade&quot;,&quot;autoplay&quot;:false,&quot;loop_autoplay&quot;:&quot;once&quot;,&quot;interval&quot;:&quot;5&quot;,&quot;loop_manual&quot;:&quot;manual-endless&quot;,&quot;autoplay_stopper&quot;:false,&quot;noNavigation&quot;:false,&quot;show_slide_delay&quot;:90}\" class='avia-content-slider avia-content-slider-active avia-content-slider1 avia-content-slider-odd  avia-builder-el-22  el_after_av_textblock  avia-builder-el-last  av-slideshow-ui av-control-default   av-no-slider-navigation av-slideshow-manual av-loop-once av-loop-manual-endless '  itemscope=\"itemscope\" itemtype=\"https:\/\/schema.org\/Blog\" ><div class=\"avia-content-slider-inner\"><div class=\"slide-entry-wrap\"><article class='slide-entry flex_column  post-entry post-entry-3506 slide-entry-overview slide-loop-1 slide-parity-odd  av_one_third first real-thumbnail posttype-post post-format-standard'  itemscope=\"itemscope\" itemtype=\"https:\/\/schema.org\/BlogPosting\" itemprop=\"blogPost\" ><a href='https:\/\/www.maxenergy.at\/magazin\/vogelschutz-in-der-brutzeit\/' data-rel='slide-1' class='slide-image' title='Vogelschutz in der Brutzeit: Was Du im Garten beachten solltest'><img decoding=\"async\" loading=\"lazy\" width=\"495\" height=\"400\" src=\"https:\/\/www.maxenergy.at\/magazin\/wp-content\/uploads\/2026\/03\/Image-7-e1773755477175-495x400.jpg\" class=\"wp-image-3507 avia-img-lazy-loading-3507 attachment-portfolio size-portfolio wp-post-image\" alt=\"Vogel Kr\u00e4he mit Nuss im Schnabel\" \/><\/a><div class=\"slide-content\"><header class=\"entry-content-header\" aria-label=\"Slide: Vogelschutz in der Brutzeit: Was Du im Garten beachten solltest\"><h3 class='slide-entry-title entry-title '  itemprop=\"headline\" ><a href='https:\/\/www.maxenergy.at\/magazin\/vogelschutz-in-der-brutzeit\/' title='Vogelschutz in der Brutzeit: Was Du im Garten beachten solltest'>Vogelschutz in der Brutzeit: Was Du im Garten beachten solltest<\/a><\/h3><span class=\"av-vertical-delimiter\"><\/span><\/header><div class=\"slide-meta\"><time class='slide-meta-time updated'  itemprop=\"datePublished\" datetime=\"2026-04-28T08:43:33+02:00\" >28. April 2026<\/time><div class=\"slide-meta-del\">\/<\/div><div class=\"slide-meta-comments\"><a href='https:\/\/www.maxenergy.at\/magazin\/vogelschutz-in-der-brutzeit\/#respond'>0 Kommentare<\/a><\/div><\/div><div class='slide-entry-excerpt entry-content'  itemprop=\"text\" ><div class=\"read-more-link\"><a href=\"https:\/\/www.maxenergy.at\/magazin\/vogelschutz-in-der-brutzeit\/\" class=\"more-link\">Weiterlesen<span class='more-link-arrow avia-svg-icon avia-font-svg_entypo-fontello' data-av_svg_icon='right-open-big' data-av_iconset='svg_entypo-fontello'><svg version=\"1.1\" xmlns=\"http:\/\/www.w3.org\/2000\/svg\" width=\"15\" height=\"32\" viewBox=\"0 0 15 32\" preserveAspectRatio=\"xMidYMid meet\" role=\"graphics-symbol\" aria-hidden=\"true\">\n<path d=\"M0.416 27.84l11.456-11.84-11.456-11.904q-0.832-0.832 0-1.536 0.832-0.832 1.536 0l12.544 12.608q0.768 0.832 0 1.6l-12.544 12.608q-0.704 0.832-1.536 0-0.832-0.704 0-1.536z\"><\/path>\n<\/svg><\/span><\/a><\/div><\/div><\/div><footer class=\"entry-footer\"><\/footer><span class='hidden'>\n\t\t\t\t<span class='av-structured-data'  itemprop=\"image\" itemscope=\"itemscope\" itemtype=\"https:\/\/schema.org\/ImageObject\" >\n\t\t\t\t\t\t<span itemprop='url'>https:\/\/www.maxenergy.at\/magazin\/wp-content\/uploads\/2026\/03\/Image-7-e1773755477175.jpg<\/span>\n\t\t\t\t\t\t<span itemprop='height'>594<\/span>\n\t\t\t\t\t\t<span itemprop='width'>766<\/span>\n\t\t\t\t<\/span>\n\t\t\t\t<span class='av-structured-data'  itemprop=\"publisher\" itemtype=\"https:\/\/schema.org\/Organization\" itemscope=\"itemscope\" >\n\t\t\t\t\t\t<span itemprop='name'>Antonia Weimann<\/span>\n\t\t\t\t\t\t<span itemprop='logo' itemscope itemtype='https:\/\/schema.org\/ImageObject'>\n\t\t\t\t\t\t\t<span itemprop='url'>https:\/\/www.maxenergy.at\/magazin\/wp-content\/uploads\/2024\/04\/MaxEnergy_Logo_Weiss_Clean.svg<\/span>\n\t\t\t\t\t\t<\/span>\n\t\t\t\t<\/span><span class='av-structured-data'  itemprop=\"author\" itemscope=\"itemscope\" itemtype=\"https:\/\/schema.org\/Person\" ><span itemprop='name'>Antonia Weimann<\/span><\/span><span class='av-structured-data'  itemprop=\"datePublished\" datetime=\"2023-08-18T13:19:26+02:00\" >2026-04-28 08:43:33<\/span><span class='av-structured-data'  itemprop=\"dateModified\" itemtype=\"https:\/\/schema.org\/dateModified\" >2026-04-28 08:43:33<\/span><span class='av-structured-data'  itemprop=\"mainEntityOfPage\" itemtype=\"https:\/\/schema.org\/mainEntityOfPage\" ><span itemprop='name'>Vogelschutz in der Brutzeit: Was Du im Garten beachten solltest<\/span><\/span><\/span><\/article><article class='slide-entry flex_column  post-entry post-entry-3458 slide-entry-overview slide-loop-2 slide-parity-even  av_one_third  real-thumbnail posttype-post post-format-standard'  itemscope=\"itemscope\" itemtype=\"https:\/\/schema.org\/BlogPosting\" itemprop=\"blogPost\" ><a href='https:\/\/www.maxenergy.at\/magazin\/gemeinsam-gegen-energiearmut\/' data-rel='slide-1' class='slide-image' title='Gemeinsam gegen Energiearmut: 10.000 Euro f\u00fcr \u201eEin Funken W\u00e4rme\u201c der Caritas Wien'><img decoding=\"async\" loading=\"lazy\" width=\"495\" height=\"400\" src=\"https:\/\/www.maxenergy.at\/magazin\/wp-content\/uploads\/2025\/12\/caritas-1-495x400.png\" class=\"wp-image-3471 avia-img-lazy-loading-3471 attachment-portfolio size-portfolio wp-post-image\" alt=\"\" srcset=\"https:\/\/www.maxenergy.at\/magazin\/wp-content\/uploads\/2025\/12\/caritas-1-495x400.png 495w, https:\/\/www.maxenergy.at\/magazin\/wp-content\/uploads\/2025\/12\/caritas-1-845x684.png 845w\" sizes=\"auto, (max-width: 495px) 100vw, 495px\"><\/a><div class=\"slide-content\"><header class=\"entry-content-header\" aria-label=\"Slide: Gemeinsam gegen Energiearmut: 10.000 Euro f\u00fcr \u201eEin Funken W\u00e4rme\u201c der Caritas Wien\"><h3 class='slide-entry-title entry-title '  itemprop=\"headline\" ><a href='https:\/\/www.maxenergy.at\/magazin\/gemeinsam-gegen-energiearmut\/' title='Gemeinsam gegen Energiearmut: 10.000 Euro f\u00fcr \u201eEin Funken W\u00e4rme\u201c der Caritas Wien'>Gemeinsam gegen Energiearmut: 10.000 Euro f\u00fcr \u201eEin Funken W\u00e4rme\u201c der Caritas Wien<\/a><\/h3><span class=\"av-vertical-delimiter\"><\/span><\/header><div class=\"slide-meta\"><time class='slide-meta-time updated'  itemprop=\"datePublished\" datetime=\"2025-12-21T07:00:55+01:00\" >21. Dezember 2025<\/time><div class=\"slide-meta-del\">\/<\/div><div class=\"slide-meta-comments\"><a href='https:\/\/www.maxenergy.at\/magazin\/gemeinsam-gegen-energiearmut\/#respond'>0 Kommentare<\/a><\/div><\/div><div class='slide-entry-excerpt entry-content'  itemprop=\"text\" ><div class=\"read-more-link\"><a href=\"https:\/\/www.maxenergy.at\/magazin\/gemeinsam-gegen-energiearmut\/\" class=\"more-link\">Weiterlesen<span class='more-link-arrow avia-svg-icon avia-font-svg_entypo-fontello' data-av_svg_icon='right-open-big' data-av_iconset='svg_entypo-fontello'><svg version=\"1.1\" xmlns=\"http:\/\/www.w3.org\/2000\/svg\" width=\"15\" height=\"32\" viewBox=\"0 0 15 32\" preserveAspectRatio=\"xMidYMid meet\" role=\"graphics-symbol\" aria-hidden=\"true\">\n<path d=\"M0.416 27.84l11.456-11.84-11.456-11.904q-0.832-0.832 0-1.536 0.832-0.832 1.536 0l12.544 12.608q0.768 0.832 0 1.6l-12.544 12.608q-0.704 0.832-1.536 0-0.832-0.704 0-1.536z\"><\/path>\n<\/svg><\/span><\/a><\/div><\/div><\/div><footer class=\"entry-footer\"><\/footer><span class='hidden'>\n\t\t\t\t<span class='av-structured-data'  itemprop=\"image\" itemscope=\"itemscope\" itemtype=\"https:\/\/schema.org\/ImageObject\" >\n\t\t\t\t\t\t<span itemprop='url'>https:\/\/www.maxenergy.at\/magazin\/wp-content\/uploads\/2025\/12\/caritas-1.png<\/span>\n\t\t\t\t\t\t<span itemprop='height'>1333<\/span>\n\t\t\t\t\t\t<span itemprop='width'>2000<\/span>\n\t\t\t\t<\/span>\n\t\t\t\t<span class='av-structured-data'  itemprop=\"publisher\" itemtype=\"https:\/\/schema.org\/Organization\" itemscope=\"itemscope\" >\n\t\t\t\t\t\t<span itemprop='name'>Antonia Weimann<\/span>\n\t\t\t\t\t\t<span itemprop='logo' itemscope itemtype='https:\/\/schema.org\/ImageObject'>\n\t\t\t\t\t\t\t<span itemprop='url'>https:\/\/www.maxenergy.at\/magazin\/wp-content\/uploads\/2024\/04\/MaxEnergy_Logo_Weiss_Clean.svg<\/span>\n\t\t\t\t\t\t<\/span>\n\t\t\t\t<\/span><span class='av-structured-data'  itemprop=\"author\" itemscope=\"itemscope\" itemtype=\"https:\/\/schema.org\/Person\" ><span itemprop='name'>Antonia Weimann<\/span><\/span><span class='av-structured-data'  itemprop=\"datePublished\" datetime=\"2023-08-18T13:19:26+02:00\" >2025-12-21 07:00:55<\/span><span class='av-structured-data'  itemprop=\"dateModified\" itemtype=\"https:\/\/schema.org\/dateModified\" >2026-03-16 13:23:00<\/span><span class='av-structured-data'  itemprop=\"mainEntityOfPage\" itemtype=\"https:\/\/schema.org\/mainEntityOfPage\" ><span itemprop='name'>Gemeinsam gegen Energiearmut: 10.000 Euro f\u00fcr \u201eEin Funken W\u00e4rme\u201c der Caritas Wien<\/span><\/span><\/span><\/article><article class='slide-entry flex_column  post-entry post-entry-3436 slide-entry-overview slide-loop-3 slide-parity-odd  post-entry-last  av_one_third  real-thumbnail posttype-post post-format-standard'  itemscope=\"itemscope\" itemtype=\"https:\/\/schema.org\/BlogPosting\" itemprop=\"blogPost\" ><a href='https:\/\/www.maxenergy.at\/magazin\/netzentgelte-2026-was-sich-aendert\/' data-rel='slide-1' class='slide-image' title='Netzentgelte 2026: Was sich \u00e4ndert \u2013 und wie Du davon profitierst'><img decoding=\"async\" loading=\"lazy\" width=\"495\" height=\"400\" src=\"https:\/\/www.maxenergy.at\/magazin\/wp-content\/uploads\/2025\/11\/kyrie-kim-jqxB3C0YNG0-unsplash-495x400.jpg\" class=\"wp-image-3438 avia-img-lazy-loading-3438 attachment-portfolio size-portfolio wp-post-image\" alt=\"Kalender\" srcset=\"https:\/\/www.maxenergy.at\/magazin\/wp-content\/uploads\/2025\/11\/kyrie-kim-jqxB3C0YNG0-unsplash-495x400.jpg 495w, https:\/\/www.maxenergy.at\/magazin\/wp-content\/uploads\/2025\/11\/kyrie-kim-jqxB3C0YNG0-unsplash-845x684.jpg 845w\" sizes=\"auto, (max-width: 495px) 100vw, 495px\" \/><\/a><div class=\"slide-content\"><header class=\"entry-content-header\" aria-label=\"Slide: Netzentgelte 2026: Was sich \u00e4ndert \u2013 und wie Du davon profitierst\"><h3 class='slide-entry-title entry-title '  itemprop=\"headline\" ><a href='https:\/\/www.maxenergy.at\/magazin\/netzentgelte-2026-was-sich-aendert\/' title='Netzentgelte 2026: Was sich \u00e4ndert \u2013 und wie Du davon profitierst'>Netzentgelte 2026: Was sich \u00e4ndert \u2013 und wie Du davon profitierst<\/a><\/h3><span class=\"av-vertical-delimiter\"><\/span><\/header><div class=\"slide-meta\"><time class='slide-meta-time updated'  itemprop=\"datePublished\" datetime=\"2025-12-08T15:09:02+01:00\" >8. Dezember 2025<\/time><div class=\"slide-meta-del\">\/<\/div><div class=\"slide-meta-comments\"><a href='https:\/\/www.maxenergy.at\/magazin\/netzentgelte-2026-was-sich-aendert\/#respond'>0 Kommentare<\/a><\/div><\/div><div class='slide-entry-excerpt entry-content'  itemprop=\"text\" ><div class=\"read-more-link\"><a href=\"https:\/\/www.maxenergy.at\/magazin\/netzentgelte-2026-was-sich-aendert\/\" class=\"more-link\">Weiterlesen<span class='more-link-arrow avia-svg-icon avia-font-svg_entypo-fontello' data-av_svg_icon='right-open-big' data-av_iconset='svg_entypo-fontello'><svg version=\"1.1\" xmlns=\"http:\/\/www.w3.org\/2000\/svg\" width=\"15\" height=\"32\" viewBox=\"0 0 15 32\" preserveAspectRatio=\"xMidYMid meet\" role=\"graphics-symbol\" aria-hidden=\"true\">\n<path d=\"M0.416 27.84l11.456-11.84-11.456-11.904q-0.832-0.832 0-1.536 0.832-0.832 1.536 0l12.544 12.608q0.768 0.832 0 1.6l-12.544 12.608q-0.704 0.832-1.536 0-0.832-0.704 0-1.536z\"><\/path>\n<\/svg><\/span><\/a><\/div><\/div><\/div><footer class=\"entry-footer\"><\/footer><span class='hidden'>\n\t\t\t\t<span class='av-structured-data'  itemprop=\"image\" itemscope=\"itemscope\" itemtype=\"https:\/\/schema.org\/ImageObject\" >\n\t\t\t\t\t\t<span itemprop='url'>https:\/\/www.maxenergy.at\/magazin\/wp-content\/uploads\/2025\/11\/kyrie-kim-jqxB3C0YNG0-unsplash.jpg<\/span>\n\t\t\t\t\t\t<span itemprop='height'>3264<\/span>\n\t\t\t\t\t\t<span itemprop='width'>4896<\/span>\n\t\t\t\t<\/span>\n\t\t\t\t<span class='av-structured-data'  itemprop=\"publisher\" itemtype=\"https:\/\/schema.org\/Organization\" itemscope=\"itemscope\" >\n\t\t\t\t\t\t<span itemprop='name'>Antonia Weimann<\/span>\n\t\t\t\t\t\t<span itemprop='logo' itemscope itemtype='https:\/\/schema.org\/ImageObject'>\n\t\t\t\t\t\t\t<span itemprop='url'>https:\/\/www.maxenergy.at\/magazin\/wp-content\/uploads\/2024\/04\/MaxEnergy_Logo_Weiss_Clean.svg<\/span>\n\t\t\t\t\t\t<\/span>\n\t\t\t\t<\/span><span class='av-structured-data'  itemprop=\"author\" itemscope=\"itemscope\" itemtype=\"https:\/\/schema.org\/Person\" ><span itemprop='name'>Antonia Weimann<\/span><\/span><span class='av-structured-data'  itemprop=\"datePublished\" datetime=\"2023-08-18T13:19:26+02:00\" >2025-12-08 15:09:02<\/span><span class='av-structured-data'  itemprop=\"dateModified\" itemtype=\"https:\/\/schema.org\/dateModified\" >2026-02-27 12:37:19<\/span><span class='av-structured-data'  itemprop=\"mainEntityOfPage\" itemtype=\"https:\/\/schema.org\/mainEntityOfPage\" ><span itemprop='name'>Netzentgelte 2026: Was sich \u00e4ndert \u2013 und wie Du davon profitierst<\/span><\/span><\/span><\/article><\/div><\/div><\/div><\/p><\/div>\n","protected":false},"excerpt":{"rendered":"<p>eBikes und eRoller werden immer beliebter. Warum das so ist und ob sie wirklich umweltfreundlich sind, erf\u00e4hrst Du hier.<\/p>\n","protected":false},"author":7,"featured_media":2700,"comment_status":"open","ping_status":"open","sticky":false,"template":"","format":"standard","meta":{"footnotes":""},"categories":[3],"tags":[76,238,239,241,60,53,232,240,98,230,20,37,31,231,72,234,44],"class_list":["post-2696","post","type-post","status-publish","format-standard","has-post-thumbnail","hentry","category-umwelt","tag-e-mobilitaet","tag-ebike","tag-elektrofahrrad","tag-elektroroller","tag-energie","tag-energiesparen","tag-energiewende","tag-eroller","tag-maxenergy","tag-nachhaltig","tag-nachhaltigkeit","tag-oekostrom","tag-strom","tag-stromquelle","tag-umwelt","tag-zuhause","tag-zukunft"],"_links":{"self":[{"href":"https:\/\/www.maxenergy.at\/magazin\/wp-json\/wp\/v2\/posts\/2696","targetHints":{"allow":["GET"]}}],"collection":[{"href":"https:\/\/www.maxenergy.at\/magazin\/wp-json\/wp\/v2\/posts"}],"about":[{"href":"https:\/\/www.maxenergy.at\/magazin\/wp-json\/wp\/v2\/types\/post"}],"author":[{"embeddable":true,"href":"https:\/\/www.maxenergy.at\/magazin\/wp-json\/wp\/v2\/users\/7"}],"replies":[{"embeddable":true,"href":"https:\/\/www.maxenergy.at\/magazin\/wp-json\/wp\/v2\/comments?post=2696"}],"version-history":[{"count":16,"href":"https:\/\/www.maxenergy.at\/magazin\/wp-json\/wp\/v2\/posts\/2696\/revisions"}],"predecessor-version":[{"id":2896,"href":"https:\/\/www.maxenergy.at\/magazin\/wp-json\/wp\/v2\/posts\/2696\/revisions\/2896"}],"wp:featuredmedia":[{"embeddable":true,"href":"https:\/\/www.maxenergy.at\/magazin\/wp-json\/wp\/v2\/media\/2700"}],"wp:attachment":[{"href":"https:\/\/www.maxenergy.at\/magazin\/wp-json\/wp\/v2\/media?parent=2696"}],"wp:term":[{"taxonomy":"category","embeddable":true,"href":"https:\/\/www.maxenergy.at\/magazin\/wp-json\/wp\/v2\/categories?post=2696"},{"taxonomy":"post_tag","embeddable":true,"href":"https:\/\/www.maxenergy.at\/magazin\/wp-json\/wp\/v2\/tags?post=2696"}],"curies":[{"name":"wp","href":"https:\/\/api.w.org\/{rel}","templated":true}]}}