{"id":2631,"date":"2023-07-31T07:13:38","date_gmt":"2023-07-31T05:13:38","guid":{"rendered":"https:\/\/www.maxenergy.at\/magazin\/?p=2631"},"modified":"2024-03-18T10:42:08","modified_gmt":"2024-03-18T09:42:08","slug":"energiewende-oesterreich","status":"publish","type":"post","link":"https:\/\/www.maxenergy.at\/magazin\/energiewende-oesterreich\/","title":{"rendered":"Energiewende in \u00d6sterreich"},"content":{"rendered":"\n<style type=\"text\/css\" data-created_by=\"avia_inline_auto\" id=\"style-css-av-zmt96f-5b2253ac9323f31fa37f502c1392093b\">\n.avia-section.av-zmt96f-5b2253ac9323f31fa37f502c1392093b{\nbackground-color:rgba(0,0,0,0.5);\nbackground-image:url(https:\/\/www.maxenergy.at\/magazin\/wp-content\/uploads\/2023\/07\/header-energiewende-oesterreich-1030x687.jpg);\nbackground-repeat:no-repeat;\nbackground-position:50% 100%;\nbackground-attachment:fixed;\n}\n<\/style>\n<div id='av_section_1'  class='avia-section av-zmt96f-5b2253ac9323f31fa37f502c1392093b main_color avia-section-default avia-no-border-styling  avia-builder-el-0  el_before_av_textblock  avia-builder-el-first  Background-Container__Article avia-full-stretch avia-bg-style-fixed av-minimum-height av-minimum-height-50 av-height-50  container_wrap sidebar_left'  data-section-bg-repeat='stretch' data-av_minimum_height_pc='50' data-av_min_height_opt='50'><div class='container av-section-cont-open' ><main  role=\"main\" itemprop=\"mainContentOfPage\"  class='template-page content  av-content-small units'><div class='post-entry post-entry-type-page post-entry-2631'><div class='entry-content-wrapper clearfix'>\n<div  class='flex_column av-xh3bvb-fcbde0c5fdbc001a8a7be4aef1e4b3d0 av_one_fifth  avia-builder-el-1  el_before_av_three_fifth  avia-builder-el-first  first flex_column_div  '     ><\/div><div  class='flex_column av-voovd3-361daf231b530bd6904440fd981a5cbc av_three_fifth  avia-builder-el-2  el_after_av_one_fifth  el_before_av_one_fifth  flex_column_div  '     ><style type=\"text\/css\" data-created_by=\"avia_inline_auto\" id=\"style-css-av-uo0khz-062f46f8c1307c342788886af1e49b6e\">\n#top .av_textblock_section.av-uo0khz-062f46f8c1307c342788886af1e49b6e .avia_textblock{\nfont-size:40px;\ncolor:#000000;\n}\n<\/style>\n<section  class='av_textblock_section av-uo0khz-062f46f8c1307c342788886af1e49b6e '   itemscope=\"itemscope\" itemtype=\"https:\/\/schema.org\/BlogPosting\" itemprop=\"blogPost\" ><div class='avia_textblock av_inherit_color'  itemprop=\"text\" ><p style=\"text-align: center;\">STROM &#038; GAS<\/p>\n<\/div><\/section><br \/>\n\n<style type=\"text\/css\" data-created_by=\"avia_inline_auto\" id=\"style-css-av-shkhtz-dc5478e2e298f829aadbfb40e1333919\">\n#top .hr.av-shkhtz-dc5478e2e298f829aadbfb40e1333919{\nmargin-top:30px;\nmargin-bottom:30px;\n}\n.hr.av-shkhtz-dc5478e2e298f829aadbfb40e1333919 .hr-inner{\nwidth:50px;\nborder-color:#000000;\n}\n<\/style>\n<div  class='hr av-shkhtz-dc5478e2e298f829aadbfb40e1333919 hr-custom  avia-builder-el-4  el_after_av_textblock  avia-builder-el-last  hr-center hr-icon-no'><span class='hr-inner inner-border-av-border-fat'><span class=\"hr-inner-style\"><\/span><\/span><\/div><\/p><\/div><div  class='flex_column av-rryfdz-663c5681ce4c50745360c4b50d35b688 av_one_fifth  avia-builder-el-5  el_after_av_three_fifth  avia-builder-el-last  flex_column_div  '     ><\/div>\n<\/div><\/div><\/main><!-- close content main element --><\/div><\/div><div id='after_section_1'  class='main_color av_default_container_wrap container_wrap sidebar_left'  ><div class='container av-section-cont-open' ><div class='template-page content  av-content-small units'><div class='post-entry post-entry-type-page post-entry-2631'><div class='entry-content-wrapper clearfix'>\n<section  class='av_textblock_section av-lkkt3ep7-1a31a67c53d954e2cf2699a99b785337 '   itemscope=\"itemscope\" itemtype=\"https:\/\/schema.org\/BlogPosting\" itemprop=\"blogPost\" ><div class='avia_textblock'  itemprop=\"text\" ><div id=\"author_pic\"><a href=\"https:\/\/www.maxenergy.at\/magazin\/author\/jasmin\/\" rel=\"author\"><\/a><\/div>\n<h1><strong>Die Energiewende in \u00d6sterreich: <\/strong><\/h1>\n<h2><strong>Nachhaltige Zukunft und Klimaschutz im Fokus<\/strong><\/h2>\n<\/div><\/section>\n<div  class='av-post-metadata-container av-ozllnr-892f58eb50c9c437d66f16cba0f66d48 av-metadata-container-align-left  avia-builder-el-7  el_after_av_textblock  el_before_av_textblock  av-metadata-container-1'><div class='av-post-metadata-container-inner'><span class=\"av-post-metadata-content av-post-metadata-meta-content\"><span class=\"av-post-metadata-content av-post-metadata-author\"  itemprop=\"author\" ><span class=\"av-post-metadata-author-link\" ><a href=\"https:\/\/www.maxenergy.at\/magazin\/author\/jasmin\/\"  rel=\"author\">Jasmin Wagner<\/a><\/span><\/span><span class=\"av-post-metadata-content av-post-metadata-separator\">\/<\/span><span class=\"av-post-metadata-content av-post-metadata-published\"><span class=\"av-post-metadata-published-date\" >31. Juli 2023<\/span><\/span><span class=\"av-post-metadata-content av-post-metadata-separator\">\/<\/span><span class=\"av-post-metadata-content av-post-metadata-category\"><span class=\"av-metadata-before av-metadata-before-categories\">in<\/span><span class=\"av-post-metadata-category-link\" ><a href=\"https:\/\/www.maxenergy.at\/magazin\/category\/strom\/\" >Strom<\/a><\/span><\/span><\/span><\/div><\/div>\n<section  class='av_textblock_section av-lkl6aea6-20ca98471082f01008ad248096338c55 '   itemscope=\"itemscope\" itemtype=\"https:\/\/schema.org\/BlogPosting\" itemprop=\"blogPost\" ><div class='avia_textblock'  itemprop=\"text\" ><p>In den letzten Jahrzehnten hat sich die Energiewende zu einem der wichtigsten Themen f\u00fcr unsere Gesellschaft entwickelt. In \u00d6sterreich verfolgen wir entschlossen das Ziel, unseren Energiemix nachhaltiger und klimafreundlicher zu gestalten. In diesem Blogbeitrag m\u00f6chten wir Dir einen \u00dcberblick \u00fcber die Energiewende in \u00d6sterreich geben und beleuchten, wie eine saubere Energiezukunft aussehen kann.<\/p>\n<h2>\u00d6sterreich als gr\u00fcner Vorreiter<\/h2>\n<p>2021 belegte \u00d6sterreich mit einem Anteil von knapp 37% erneuerbarer Energien am Gesamtenergieverbrauch EU-weit den f\u00fcnften Platz. Stand Juli 2023 werden 95% der erzeugten Energie aus erneuerbaren Quellen gewonnen, vorwiegend mit Wasserkraft. Hierbei spielen besonders Stauseen eine wichtige Rolle, die das Schmelzwasser aus den Alpen auf seinem Weg in die Fl\u00fcsse \u00d6sterreichs zu gr\u00fcner Energie verwandeln.<\/p>\n<h2>Energie- und Klimaziele \u00d6sterreichs<\/h2>\n<p>\u00d6sterreich hat ehrgeizige Energie- und Klimaziele festgelegt. Bis zum Jahr 2030 soll der Anteil erneuerbarer Energien im Energiemix auf 100 Prozent steigen. Gleichzeitig sollen die CO2-Emissionen deutlichreduziert werden, um damit einen Beitrag zum internationalen Klimaschutz zu leisten. Dazu werden vor allem Projekte gef\u00f6rdert, die den Ausbau erneuerbarer Energien vorantreiben, aber auch Ma\u00dfnahmen, die uns die Energie effizienter nutzen lassen, wie zum Beispiel die Sanierung von Geb\u00e4uden.<\/p>\n<\/div><\/section>\n<div  class='av_promobox av-lkl6fsfu-09ee56fc0a925751d00a9992b42a3026 avia-button-yes  avia-builder-el-9  el_after_av_textblock  el_before_av_hr  promo-box__wrapper'><div class='avia-promocontent'><p>\nMit \u00d6kostrom ganz einfach Deinen Beitrag zur Energiewende in \u00d6sterreich leisten. Schau Dir unser Tarifangebot an und finde den passenden f\u00fcr Dich.<\/p>\n<\/div><div  class='avia-button-wrap av-lkl6fsfu-70d1df8a1420cf5f5ea5f83b2a87472e-wrap avia-button-right  promo-box__wrapper'><a href='https:\/\/www.maxenergy.at\/?utm_campaign=MAXMagazin'  class='avia-button av-lkl6fsfu-70d1df8a1420cf5f5ea5f83b2a87472e av-link-btn avia-icon_select-no avia-size-large avia-position-right avia-color-grey'  target=\"_blank\"  rel=\"noopener noreferrer\"  aria-label=\"Jetzt Tarif berechnen\"><span class='avia_iconbox_title' >Jetzt Tarif berechnen<\/span><\/a><\/div><\/div>\n\n<style type=\"text\/css\" data-created_by=\"avia_inline_auto\" id=\"style-css-av-jfeds7-a896cf3958d92336175a685b16270574\">\n#top .hr.hr-invisible.av-jfeds7-a896cf3958d92336175a685b16270574{\nheight:30px;\n}\n<\/style>\n<div  class='hr av-jfeds7-a896cf3958d92336175a685b16270574 hr-invisible  avia-builder-el-10  el_after_av_promobox  el_before_av_textblock '><span class='hr-inner '><span class=\"hr-inner-style\"><\/span><\/span><\/div>\n<section  class='av_textblock_section av-lkl6hf6t-b5f753d50437e57b202d580dee36face '   itemscope=\"itemscope\" itemtype=\"https:\/\/schema.org\/BlogPosting\" itemprop=\"blogPost\" ><div class='avia_textblock'  itemprop=\"text\" ><h2>Deshalb ist die Energiewende einfacher gesagt als getan<\/h2>\n<p>Selbstverst\u00e4ndlich gibt es auch Herausforderungen auf dem Weg zur Energiewende. Die Integration erneuerbarer Energien in das bestehende Energiesystem erfordert einen sorgf\u00e4ltigen Ausgleich zwischen Angebot und Nachfrage. Energiespeicherung und intelligente Netze sind einige der L\u00f6sungsans\u00e4tze, die dabei helfen k\u00f6nnen, diese Herausforderungen zu bew\u00e4ltigen. Um die Energiewende zu stemmen, m\u00fcssen in den kommenden acht Jahren zum Beispiel ungef\u00e4hr 200 neue oder verst\u00e4rkte Umspannwerke errichtet werden und 40.000 Kilometer Leitung verlegt werden. Daf\u00fcr investiert \u00d6sterreich bis 2040 30 Milliarden Euro, um die Netze so leistungsf\u00e4hig zu machen, wie sie es f\u00fcr die Energiewende in \u00d6sterreich werden m\u00fcssen.<\/p>\n<\/div><\/section>\n\n<style type=\"text\/css\" data-created_by=\"avia_inline_auto\" id=\"style-css-av-i4lpmv-bc1b578106cb20cb3b3a4366cb4b3f27\">\n#top .hr.hr-invisible.av-i4lpmv-bc1b578106cb20cb3b3a4366cb4b3f27{\nheight:30px;\n}\n<\/style>\n<div  class='hr av-i4lpmv-bc1b578106cb20cb3b3a4366cb4b3f27 hr-invisible  avia-builder-el-12  el_after_av_textblock  el_before_av_one_full '><span class='hr-inner '><span class=\"hr-inner-style\"><\/span><\/span><\/div>\n\n<style type=\"text\/css\" data-created_by=\"avia_inline_auto\" id=\"style-css-av-ftb63r-13fe8edbd54ea55b49bcbb1a0ef4e06d\">\n.flex_column.av-ftb63r-13fe8edbd54ea55b49bcbb1a0ef4e06d{\nborder-width:2px;\nborder-color:#000000;\nborder-style:solid;\nborder-radius:5px 5px 5px 5px;\npadding:40px 40px 40px 40px;\n}\n<\/style>\n<div  class='flex_column av-ftb63r-13fe8edbd54ea55b49bcbb1a0ef4e06d av_one_full  avia-builder-el-13  el_after_av_hr  el_before_av_hr  first flex_column_div  '     ><style type=\"text\/css\" data-created_by=\"avia_inline_auto\" id=\"style-css-av-lkl6eez4-c61441a6946602152428ad43b000f695\">\n.iconbox.av-lkl6eez4-c61441a6946602152428ad43b000f695 .iconbox_icon{\ncolor:#000000;\n}\n.iconbox.av-lkl6eez4-c61441a6946602152428ad43b000f695 .iconbox_icon.avia-svg-icon svg:first-child{\nfill:#000000;\nstroke:#000000;\n}\n.iconbox.av-lkl6eez4-c61441a6946602152428ad43b000f695 .iconbox_content_container{\ncolor:#000000;\n}\n<\/style>\n<article  class='iconbox iconbox_left av-lkl6eez4-c61441a6946602152428ad43b000f695  avia-builder-el-14  avia-builder-el-no-sibling '  itemscope=\"itemscope\" itemtype=\"https:\/\/schema.org\/BlogPosting\" itemprop=\"blogPost\" ><div class=\"iconbox_content\"><header class=\"entry-content-header\" aria-label=\"Icon: Energiesparen als Beitrag zur Energiewende\"><div class='iconbox_icon heading-color avia-iconfont avia-font-entypo-fontello' data-av_icon='\ue81e' data-av_iconfont='entypo-fontello'  ><\/div><h3 class='iconbox_content_title '  itemprop=\"headline\" >Energiesparen als Beitrag zur Energiewende<\/h3><\/header><div class='iconbox_content_container av_inherit_color'  itemprop=\"text\" ><p>Auch Energiesparma\u00dfnahmen in Privathaushalten, Unternehmen und der Industrie spielen eine zentrale Rolle, um den Energieverbrauch zu senken und Ressourcen zu schonen. Durch bewusstes Handeln k\u00f6nnen wir alle einen Beitrag zur Energiewende leisten. In unserem <a href=\"https:\/\/www.maxenergy.at\/magazin\/energiespar-tipps\/\" target=\"_blank\" rel=\"noopener\">Beitrag zu Energiespartipps<\/a> findest Du eine ganze Menge n\u00fctzlicher Ma\u00dfnahmen, wie Du aufh\u00f6ren kannst, unn\u00f6tig Energie zu verbrauchen. Damit tust Du nicht nur dem Klima etwas gutes, sondern auch Deinem Geldbeutel!<\/p>\n<\/div><\/div><footer class=\"entry-footer\"><\/footer><\/article><\/div>\n<style type=\"text\/css\" data-created_by=\"avia_inline_auto\" id=\"style-css-av-elz0zb-42e652f4b3bdd7f22ba09dc11eebc2a2\">\n#top .hr.hr-invisible.av-elz0zb-42e652f4b3bdd7f22ba09dc11eebc2a2{\nheight:30px;\n}\n<\/style>\n<div  class='hr av-elz0zb-42e652f4b3bdd7f22ba09dc11eebc2a2 hr-invisible  avia-builder-el-15  el_after_av_one_full  el_before_av_textblock '><span class='hr-inner '><span class=\"hr-inner-style\"><\/span><\/span><\/div><\/p>\n<section  class='av_textblock_section av-lkl6k402-f84aebda2c1a7024b29bac947376d4ed '   itemscope=\"itemscope\" itemtype=\"https:\/\/schema.org\/BlogPosting\" itemprop=\"blogPost\" ><div class='avia_textblock'  itemprop=\"text\" ><p>Die Energiewende ist eine gemeinsame Aufgabe, bei der Zusammenarbeit auf regionaler, nationaler und internationaler Ebene entscheidend ist. \u00d6sterreich engagiert sich aktiv in der internationalen Zusammenarbeit und arbeitet mit anderen L\u00e4ndern zusammen, um globale Klimaziele zu erreichen.<\/p>\n<p>Lass uns gemeinsam die Energiewende in \u00d6sterreich vorantreiben und so eine nachhaltige Zukunft f\u00fcr kommende Generationen schaffen. Es liegt an uns allen, Verantwortung zu \u00fcbernehmen und die Energiewende zum Erfolg zu f\u00fchren.<\/p>\n<\/div><\/section>\n\n<style type=\"text\/css\" data-created_by=\"avia_inline_auto\" id=\"style-css-av-av_hr-af89a52d51412774536fa272e468f7cd\">\n#top .hr.hr-invisible.av-av_hr-af89a52d51412774536fa272e468f7cd{\nheight:30px;\n}\n<\/style>\n<div  class='hr av-av_hr-af89a52d51412774536fa272e468f7cd hr-invisible  avia-builder-el-17  el_after_av_textblock  el_before_av_one_full '><span class='hr-inner '><span class=\"hr-inner-style\"><\/span><\/span><\/div>\n\n<style type=\"text\/css\" data-created_by=\"avia_inline_auto\" id=\"style-css-av-ctdx9z-43f14670977596a5ede1252744e98fac\">\n.flex_column.av-ctdx9z-43f14670977596a5ede1252744e98fac{\nborder-width:2px;\nborder-color:#000000;\nborder-style:solid;\nborder-radius:5px 5px 5px 5px;\npadding:30px 30px 30px 30px;\n}\n<\/style>\n<div  class='flex_column av-ctdx9z-43f14670977596a5ede1252744e98fac av_one_full  avia-builder-el-18  el_after_av_hr  el_before_av_hr  first flex_column_div  '     ><section  class='av_textblock_section av-lkl6o895-50c2d9e9e6ee77c41755dd70bccb6fbf '   itemscope=\"itemscope\" itemtype=\"https:\/\/schema.org\/BlogPosting\" itemprop=\"blogPost\" ><div class='avia_textblock'  itemprop=\"text\" ><p class=\"pp_article_paragraph margin\"><strong data-w-id=\"feed1e31-8157-a81b-47c3-2d045e61b77f\" data-wf-id=\"&#091;\">Was ist Deine Meinung zur Energiewende?<\/strong> Teile Deine Meinung und Bilder ganz einfach mit uns und wir lassen die gesamte Community daran teilhaben!<\/p>\n<\/div><\/section><br \/>\n<div  class='av-social-sharing-box av-bidys7-cc3d0e00896231618e1d900896b45999 av-social-sharing-box-rounded  avia-builder-el-20  el_after_av_textblock  avia-builder-el-last  av-social-sharing-box-color-bg av-social-sharing-box-fullwidth'><div class=\"av-share-box\"><ul class=\"av-share-box-list noLightbox\"><li class='av-share-link av-social-link-facebook avia_social_iconfont' ><a target=\"_blank\" aria-label=\"Link to Facebook\" href=\"https:\/\/www.facebook.com\/just.maxenergy\/\" data-av_icon=\"\ue8f3\" data-av_iconfont=\"entypo-fontello\" title=\"\" data-avia-related-tooltip=\"Link to Facebook\" rel=\"nofollow noopener\"><span class='avia_hidden_link_text'>Link to Facebook<\/span><\/a><\/li><li class='av-share-link av-social-link-linkedin avia_social_iconfont' ><a target=\"_blank\" aria-label=\"Link to LinkedIn\" href=\"https:\/\/www.linkedin.com\/company\/maxenergy-de\" data-av_icon=\"\ue8fc\" data-av_iconfont=\"entypo-fontello\" title=\"\" data-avia-related-tooltip=\"Link to LinkedIn\" rel=\"nofollow noopener\"><span class='avia_hidden_link_text'>Link to LinkedIn<\/span><\/a><\/li><li class='av-share-link av-social-link-instagram avia_social_iconfont' ><a target=\"_blank\" aria-label=\"Link to Instagram\" href=\"https:\/\/www.instagram.com\/just_maxenergy\/\" data-av_icon=\"\uf16d\" data-av_iconfont=\"entypo-fontello\" title=\"\" data-avia-related-tooltip=\"Link to Instagram\" rel=\"nofollow noopener\"><span class='avia_hidden_link_text'>Link to Instagram<\/span><\/a><\/li><\/ul><\/div><\/div><\/p><\/div>\n\n<style type=\"text\/css\" data-created_by=\"avia_inline_auto\" id=\"style-css-av-9gxxlj-dc046cbc606b3902a5b633f358ebd72a\">\n#top .hr.hr-invisible.av-9gxxlj-dc046cbc606b3902a5b633f358ebd72a{\nheight:30px;\n}\n<\/style>\n<div  class='hr av-9gxxlj-dc046cbc606b3902a5b633f358ebd72a hr-invisible  avia-builder-el-21  el_after_av_one_full  el_before_av_textblock '><span class='hr-inner '><span class=\"hr-inner-style\"><\/span><\/span><\/div>\n<section  class='av_textblock_section av-lkl6oinw-70ab744feacccf18aa9c41f8a9fb8b01 '   itemscope=\"itemscope\" itemtype=\"https:\/\/schema.org\/BlogPosting\" itemprop=\"blogPost\" ><div class='avia_textblock'  itemprop=\"text\" ><h2 id=\"4.WasbeiUmzugsservicebeachten\" class=\"pp_heading\" data-w-id=\"9f21f920-27e8-c9f7-1d2d-26cd4e44412f\" data-wf-id=\"[\">Energiewende in \u00d6sterreich &#8211; FAQ<\/h2>\n<\/div><\/section>\n\n<style type=\"text\/css\" data-created_by=\"avia_inline_auto\" id=\"style-css-av-lkl7ztcf-d4298274967695b4620a62f82d94097c\">\n#top .togglecontainer.av-lkl7ztcf-d4298274967695b4620a62f82d94097c p.toggler{\nbackground-color:#ffffff;\n}\n#top .togglecontainer.av-lkl7ztcf-d4298274967695b4620a62f82d94097c .toggle_wrap .toggle_content{\nbackground-color:#ffffff;\n}\n<\/style>\n<div  class='togglecontainer av-lkl7ztcf-d4298274967695b4620a62f82d94097c av-minimal-toggle  avia-builder-el-23  el_after_av_textblock  el_before_av_one_full  toggle_close_all'  itemscope=\"itemscope\" itemtype=\"https:\/\/schema.org\/FAQPage\" >\n<section class='av_toggle_section av-lkl6yhdj-aaf39e5af2c3fa484994af966ceaa20f'  itemscope=\"itemscope\" itemprop=\"mainEntity\" itemtype=\"https:\/\/schema.org\/Question\" ><div role=\"tablist\" class=\"single_toggle\" data-tags=\"{Alle} \"  ><p id='toggle-toggle-id-1' data-fake-id='#toggle-id-1' class='toggler  av-title-above '  itemprop=\"name\"  role='tab' tabindex='0' aria-controls='toggle-id-1' data-slide-speed=\"200\" data-title=\"Was geh\u00f6rt zur Energiewende dazu?\" data-title-open=\"\" data-aria_collapsed=\"Click to expand: Was geh\u00f6rt zur Energiewende dazu?\" data-aria_expanded=\"Click to collapse: Was geh\u00f6rt zur Energiewende dazu?\">Was geh\u00f6rt zur Energiewende dazu?<span class=\"toggle_icon\"><span class=\"vert_icon\"><\/span><span class=\"hor_icon\"><\/span><\/span><\/p><div id='toggle-id-1' aria-labelledby='toggle-toggle-id-1' role='region' class='toggle_wrap  av-title-above'   itemscope=\"itemscope\" itemprop=\"acceptedAnswer\" itemtype=\"https:\/\/schema.org\/Answer\" ><div class='toggle_content invers-color '  itemprop=\"text\" ><p>Wenn von der Energiewende gesprochen wird, muss nicht nur die Energieerzeugung an sich neu gedacht werden, sondern auch die Stromnetze, die Mobilit\u00e4t, die Energieeffizienz oder der bewusste Umgang mit Energie. Daher ist es ein so gro\u00dfes Projekt.<\/p>\n<\/div><\/div><\/div><\/section>\n<section class='av_toggle_section av-lkl709t9-986d04ac76cac1e281c14bb7093e5d86'  itemscope=\"itemscope\" itemprop=\"mainEntity\" itemtype=\"https:\/\/schema.org\/Question\" ><div role=\"tablist\" class=\"single_toggle\" data-tags=\"{Alle} \"  ><p id='toggle-toggle-id-2' data-fake-id='#toggle-id-2' class='toggler  av-title-above '  itemprop=\"name\"  role='tab' tabindex='0' aria-controls='toggle-id-2' data-slide-speed=\"200\" data-title=\"Was tut \u00d6sterreich f\u00fcr die Energiewende?\" data-title-open=\"\" data-aria_collapsed=\"Click to expand: Was tut \u00d6sterreich f\u00fcr die Energiewende?\" data-aria_expanded=\"Click to collapse: Was tut \u00d6sterreich f\u00fcr die Energiewende?\">Was tut \u00d6sterreich f\u00fcr die Energiewende?<span class=\"toggle_icon\"><span class=\"vert_icon\"><\/span><span class=\"hor_icon\"><\/span><\/span><\/p><div id='toggle-id-2' aria-labelledby='toggle-toggle-id-2' role='region' class='toggle_wrap  av-title-above'   itemscope=\"itemscope\" itemprop=\"acceptedAnswer\" itemtype=\"https:\/\/schema.org\/Answer\" ><div class='toggle_content invers-color '  itemprop=\"text\" ><p>In \u00d6sterreich wird einiges f\u00fcr die Energiewende getan. Einerseits verf\u00fcgen immer mehr Hausd\u00e4cher \u00fcber PV-Anlagen, die Strom erzeugen, andererseits werden auch Projekte zum Netzausbau, zur Stromerzeugung und auch zur Energieeffizienz von der \u00d6sterreichischen Regierung gef\u00f6rdert. So kann ganzheitlich die Energiewende vorangetrieben werden.<\/p>\n<\/div><\/div><\/div><\/section>\n<section class='av_toggle_section av-lkl82acs-24a962bd07c7d4b1634c73b3e2d40808'  itemscope=\"itemscope\" itemprop=\"mainEntity\" itemtype=\"https:\/\/schema.org\/Question\" ><div role=\"tablist\" class=\"single_toggle\" data-tags=\"{Alle} \"  ><p id='toggle-toggle-id-3' data-fake-id='#toggle-id-3' class='toggler  av-title-above '  itemprop=\"name\"  role='tab' tabindex='0' aria-controls='toggle-id-3' data-slide-speed=\"200\" data-title=\"Was kann ich f\u00fcr die Energiewende in \u00d6sterreich tun?\" data-title-open=\"\" data-aria_collapsed=\"Click to expand: Was kann ich f\u00fcr die Energiewende in \u00d6sterreich tun?\" data-aria_expanded=\"Click to collapse: Was kann ich f\u00fcr die Energiewende in \u00d6sterreich tun?\">Was kann ich f\u00fcr die Energiewende in \u00d6sterreich tun?<span class=\"toggle_icon\"><span class=\"vert_icon\"><\/span><span class=\"hor_icon\"><\/span><\/span><\/p><div id='toggle-id-3' aria-labelledby='toggle-toggle-id-3' role='region' class='toggle_wrap  av-title-above'   itemscope=\"itemscope\" itemprop=\"acceptedAnswer\" itemtype=\"https:\/\/schema.org\/Answer\" ><div class='toggle_content invers-color '  itemprop=\"text\" ><p>Um zur Energiewende in \u00d6sterreich beizutragen, kannst Du verschiedene Ma\u00dfnahmen ergreifen. Von einer eigenen PV-Anlage auf Deinem Dach oder Balkon \u00fcber effizientere Heiz- oder D\u00e4mmm\u00f6glichkeiten in Deinem Zuhause bis hin zu simplen Energiesparen &#8211; Du kannst viel tun, um die Energiewende voranzutreiben. Ein erster Schritt ist z.B. auch ein \u00d6kostrom-Tarif.<\/p>\n<\/div><\/div><\/div><\/section>\n<\/div>\n<div  class='flex_column av-ot6t3-a000adee3de48bb6aab604fc1c0e20e4 av_one_full  avia-builder-el-24  el_after_av_toggle_container  avia-builder-el-last  first flex_column_div  '     ><p>\n<style type=\"text\/css\" data-created_by=\"avia_inline_auto\" id=\"style-css-av-6grwev-04420e65d5435be7b703d4aa99548fe2\">\n#top .hr.hr-invisible.av-6grwev-04420e65d5435be7b703d4aa99548fe2{\nheight:30px;\n}\n<\/style>\n<div  class='hr av-6grwev-04420e65d5435be7b703d4aa99548fe2 hr-invisible  avia-builder-el-25  el_before_av_textblock  avia-builder-el-first '><span class='hr-inner '><span class=\"hr-inner-style\"><\/span><\/span><\/div><br \/>\n<section  class='av_textblock_section av-3ysg1j-c0d99486f0b9799940b246ceaabf6475 '   itemscope=\"itemscope\" itemtype=\"https:\/\/schema.org\/BlogPosting\" itemprop=\"blogPost\" ><div class='avia_textblock'  itemprop=\"text\" ><h2>Das k\u00f6nnte Dich auch interessieren:<\/h2>\n<\/div><\/section><br \/>\n<div  data-slideshow-options=\"{&quot;animation&quot;:&quot;fade&quot;,&quot;autoplay&quot;:false,&quot;loop_autoplay&quot;:&quot;once&quot;,&quot;interval&quot;:&quot;5&quot;,&quot;loop_manual&quot;:&quot;manual-endless&quot;,&quot;autoplay_stopper&quot;:false,&quot;noNavigation&quot;:false,&quot;show_slide_delay&quot;:90}\" class='avia-content-slider avia-content-slider-active avia-content-slider1 avia-content-slider-odd  avia-builder-el-27  el_after_av_textblock  avia-builder-el-last  av-slideshow-ui av-control-default   av-no-slider-navigation av-slideshow-manual av-loop-once av-loop-manual-endless '  itemscope=\"itemscope\" itemtype=\"https:\/\/schema.org\/Blog\" ><div class=\"avia-content-slider-inner\"><div class=\"slide-entry-wrap\"><article class='slide-entry flex_column  post-entry post-entry-3506 slide-entry-overview slide-loop-1 slide-parity-odd  av_one_third first real-thumbnail posttype-post post-format-standard'  itemscope=\"itemscope\" itemtype=\"https:\/\/schema.org\/BlogPosting\" itemprop=\"blogPost\" ><a href=\"https:\/\/www.maxenergy.at\/magazin\/vogelschutz-in-der-brutzeit\/\" data-rel=\"slide-1\" class=\"slide-image\" title=\"Vogelschutz in der Brutzeit: Was Du im Garten beachten solltest\"><img decoding=\"async\" loading=\"lazy\" width=\"495\" height=\"400\" src=\"https:\/\/www.maxenergy.at\/magazin\/wp-content\/uploads\/2026\/03\/Image-7-e1773755477175-495x400.jpg\" class=\"wp-image-3507 avia-img-lazy-loading-3507 attachment-portfolio size-portfolio wp-post-image\" alt=\"Vogel Kr\u00e4he mit Nuss im Schnabel\" \/><\/a><div class=\"slide-content\"><header class=\"entry-content-header\" aria-label=\"Slide: Vogelschutz in der Brutzeit: Was Du im Garten beachten solltest\"><h3 class='slide-entry-title entry-title '  itemprop=\"headline\" ><a href=\"https:\/\/www.maxenergy.at\/magazin\/vogelschutz-in-der-brutzeit\/\" title=\"Vogelschutz in der Brutzeit: Was Du im Garten beachten solltest\">Vogelschutz in der Brutzeit: Was Du im Garten beachten solltest<\/a><\/h3><span class=\"av-vertical-delimiter\"><\/span><\/header><div class=\"slide-meta\"><time class='slide-meta-time updated'  itemprop=\"datePublished\" datetime=\"2026-04-28T08:43:33+02:00\" >28. April 2026<\/time><div class=\"slide-meta-del\">\/<\/div><div class=\"slide-meta-comments\"><a href=\"https:\/\/www.maxenergy.at\/magazin\/vogelschutz-in-der-brutzeit\/#respond\">0 Kommentare<\/a><\/div><\/div><div class='slide-entry-excerpt entry-content'  itemprop=\"text\" ><div class=\"read-more-link\"><a href=\"https:\/\/www.maxenergy.at\/magazin\/vogelschutz-in-der-brutzeit\/\" class=\"more-link\">Weiterlesen<span class='more-link-arrow avia-svg-icon avia-font-svg_entypo-fontello' data-av_svg_icon='right-open-big' data-av_iconset='svg_entypo-fontello'><svg version=\"1.1\" xmlns=\"http:\/\/www.w3.org\/2000\/svg\" width=\"15\" height=\"32\" viewBox=\"0 0 15 32\" preserveAspectRatio=\"xMidYMid meet\" role=\"graphics-symbol\" aria-hidden=\"true\">\n<path d=\"M0.416 27.84l11.456-11.84-11.456-11.904q-0.832-0.832 0-1.536 0.832-0.832 1.536 0l12.544 12.608q0.768 0.832 0 1.6l-12.544 12.608q-0.704 0.832-1.536 0-0.832-0.704 0-1.536z\"><\/path>\n<\/svg><\/span><\/a><\/div><\/div><\/div><footer class=\"entry-footer\"><\/footer><span class='hidden'>\n\t\t\t\t<span class='av-structured-data'  itemprop=\"image\" itemscope=\"itemscope\" itemtype=\"https:\/\/schema.org\/ImageObject\" >\n\t\t\t\t\t\t<span itemprop='url'>https:\/\/www.maxenergy.at\/magazin\/wp-content\/uploads\/2026\/03\/Image-7-e1773755477175.jpg<\/span>\n\t\t\t\t\t\t<span itemprop='height'>594<\/span>\n\t\t\t\t\t\t<span itemprop='width'>766<\/span>\n\t\t\t\t<\/span>\n\t\t\t\t<span class='av-structured-data'  itemprop=\"publisher\" itemtype=\"https:\/\/schema.org\/Organization\" itemscope=\"itemscope\" >\n\t\t\t\t\t\t<span itemprop='name'>Antonia Weimann<\/span>\n\t\t\t\t\t\t<span itemprop='logo' itemscope itemtype='https:\/\/schema.org\/ImageObject'>\n\t\t\t\t\t\t\t<span itemprop='url'>https:\/\/www.maxenergy.at\/magazin\/wp-content\/uploads\/2024\/04\/MaxEnergy_Logo_Weiss_Clean.svg<\/span>\n\t\t\t\t\t\t<\/span>\n\t\t\t\t<\/span><span class='av-structured-data'  itemprop=\"author\" itemscope=\"itemscope\" itemtype=\"https:\/\/schema.org\/Person\" ><span itemprop='name'>Antonia Weimann<\/span><\/span><span class='av-structured-data'  itemprop=\"datePublished\" datetime=\"2023-07-31T07:13:38+02:00\" >2026-04-28 08:43:33<\/span><span class='av-structured-data'  itemprop=\"dateModified\" itemtype=\"https:\/\/schema.org\/dateModified\" >2026-04-28 08:43:33<\/span><span class='av-structured-data'  itemprop=\"mainEntityOfPage\" itemtype=\"https:\/\/schema.org\/mainEntityOfPage\" ><span itemprop='name'>Vogelschutz in der Brutzeit: Was Du im Garten beachten solltest<\/span><\/span><\/span><\/article><article class='slide-entry flex_column  post-entry post-entry-3458 slide-entry-overview slide-loop-2 slide-parity-even  av_one_third  real-thumbnail posttype-post post-format-standard'  itemscope=\"itemscope\" itemtype=\"https:\/\/schema.org\/BlogPosting\" itemprop=\"blogPost\" ><a href=\"https:\/\/www.maxenergy.at\/magazin\/gemeinsam-gegen-energiearmut\/\" data-rel=\"slide-1\" class=\"slide-image\" title=\"Gemeinsam gegen Energiearmut: 10.000 Euro f\u00fcr \u201eEin Funken W\u00e4rme\u201c der Caritas Wien\"><img decoding=\"async\" loading=\"lazy\" width=\"495\" height=\"400\" src=\"https:\/\/www.maxenergy.at\/magazin\/wp-content\/uploads\/2025\/12\/caritas-1-495x400.png\" class=\"wp-image-3471 avia-img-lazy-loading-3471 attachment-portfolio size-portfolio wp-post-image\" alt=\"\" srcset=\"https:\/\/www.maxenergy.at\/magazin\/wp-content\/uploads\/2025\/12\/caritas-1-495x400.png 495w, https:\/\/www.maxenergy.at\/magazin\/wp-content\/uploads\/2025\/12\/caritas-1-845x684.png 845w\" sizes=\"auto, (max-width: 495px) 100vw, 495px\"><\/a><div class=\"slide-content\"><header class=\"entry-content-header\" aria-label=\"Slide: Gemeinsam gegen Energiearmut: 10.000 Euro f\u00fcr \u201eEin Funken W\u00e4rme\u201c der Caritas Wien\"><h3 class='slide-entry-title entry-title '  itemprop=\"headline\" ><a href=\"https:\/\/www.maxenergy.at\/magazin\/gemeinsam-gegen-energiearmut\/\" title=\"Gemeinsam gegen Energiearmut: 10.000 Euro f\u00fcr \u201eEin Funken W\u00e4rme\u201c der Caritas Wien\">Gemeinsam gegen Energiearmut: 10.000 Euro f\u00fcr \u201eEin Funken W\u00e4rme\u201c der Caritas Wien<\/a><\/h3><span class=\"av-vertical-delimiter\"><\/span><\/header><div class=\"slide-meta\"><time class='slide-meta-time updated'  itemprop=\"datePublished\" datetime=\"2025-12-21T07:00:55+01:00\" >21. Dezember 2025<\/time><div class=\"slide-meta-del\">\/<\/div><div class=\"slide-meta-comments\"><a href=\"https:\/\/www.maxenergy.at\/magazin\/gemeinsam-gegen-energiearmut\/#respond\">0 Kommentare<\/a><\/div><\/div><div class='slide-entry-excerpt entry-content'  itemprop=\"text\" ><div class=\"read-more-link\"><a href=\"https:\/\/www.maxenergy.at\/magazin\/gemeinsam-gegen-energiearmut\/\" class=\"more-link\">Weiterlesen<span class='more-link-arrow avia-svg-icon avia-font-svg_entypo-fontello' data-av_svg_icon='right-open-big' data-av_iconset='svg_entypo-fontello'><svg version=\"1.1\" xmlns=\"http:\/\/www.w3.org\/2000\/svg\" width=\"15\" height=\"32\" viewBox=\"0 0 15 32\" preserveAspectRatio=\"xMidYMid meet\" role=\"graphics-symbol\" aria-hidden=\"true\">\n<path d=\"M0.416 27.84l11.456-11.84-11.456-11.904q-0.832-0.832 0-1.536 0.832-0.832 1.536 0l12.544 12.608q0.768 0.832 0 1.6l-12.544 12.608q-0.704 0.832-1.536 0-0.832-0.704 0-1.536z\"><\/path>\n<\/svg><\/span><\/a><\/div><\/div><\/div><footer class=\"entry-footer\"><\/footer><span class='hidden'>\n\t\t\t\t<span class='av-structured-data'  itemprop=\"image\" itemscope=\"itemscope\" itemtype=\"https:\/\/schema.org\/ImageObject\" >\n\t\t\t\t\t\t<span itemprop='url'>https:\/\/www.maxenergy.at\/magazin\/wp-content\/uploads\/2025\/12\/caritas-1.png<\/span>\n\t\t\t\t\t\t<span itemprop='height'>1333<\/span>\n\t\t\t\t\t\t<span itemprop='width'>2000<\/span>\n\t\t\t\t<\/span>\n\t\t\t\t<span class='av-structured-data'  itemprop=\"publisher\" itemtype=\"https:\/\/schema.org\/Organization\" itemscope=\"itemscope\" >\n\t\t\t\t\t\t<span itemprop='name'>Antonia Weimann<\/span>\n\t\t\t\t\t\t<span itemprop='logo' itemscope itemtype='https:\/\/schema.org\/ImageObject'>\n\t\t\t\t\t\t\t<span itemprop='url'>https:\/\/www.maxenergy.at\/magazin\/wp-content\/uploads\/2024\/04\/MaxEnergy_Logo_Weiss_Clean.svg<\/span>\n\t\t\t\t\t\t<\/span>\n\t\t\t\t<\/span><span class='av-structured-data'  itemprop=\"author\" itemscope=\"itemscope\" itemtype=\"https:\/\/schema.org\/Person\" ><span itemprop='name'>Antonia Weimann<\/span><\/span><span class='av-structured-data'  itemprop=\"datePublished\" datetime=\"2023-07-31T07:13:38+02:00\" >2025-12-21 07:00:55<\/span><span class='av-structured-data'  itemprop=\"dateModified\" itemtype=\"https:\/\/schema.org\/dateModified\" >2026-03-16 13:23:00<\/span><span class='av-structured-data'  itemprop=\"mainEntityOfPage\" itemtype=\"https:\/\/schema.org\/mainEntityOfPage\" ><span itemprop='name'>Gemeinsam gegen Energiearmut: 10.000 Euro f\u00fcr \u201eEin Funken W\u00e4rme\u201c der Caritas Wien<\/span><\/span><\/span><\/article><article class='slide-entry flex_column  post-entry post-entry-3436 slide-entry-overview slide-loop-3 slide-parity-odd  post-entry-last  av_one_third  real-thumbnail posttype-post post-format-standard'  itemscope=\"itemscope\" itemtype=\"https:\/\/schema.org\/BlogPosting\" itemprop=\"blogPost\" ><a href=\"https:\/\/www.maxenergy.at\/magazin\/netzentgelte-2026-was-sich-aendert\/\" data-rel=\"slide-1\" class=\"slide-image\" title=\"Netzentgelte 2026: Was sich \u00e4ndert \u2013 und wie Du davon profitierst\"><img decoding=\"async\" loading=\"lazy\" width=\"495\" height=\"400\" src=\"https:\/\/www.maxenergy.at\/magazin\/wp-content\/uploads\/2025\/11\/kyrie-kim-jqxB3C0YNG0-unsplash-495x400.jpg\" class=\"wp-image-3438 avia-img-lazy-loading-3438 attachment-portfolio size-portfolio wp-post-image\" alt=\"Kalender\" srcset=\"https:\/\/www.maxenergy.at\/magazin\/wp-content\/uploads\/2025\/11\/kyrie-kim-jqxB3C0YNG0-unsplash-495x400.jpg 495w, https:\/\/www.maxenergy.at\/magazin\/wp-content\/uploads\/2025\/11\/kyrie-kim-jqxB3C0YNG0-unsplash-845x684.jpg 845w\" sizes=\"auto, (max-width: 495px) 100vw, 495px\" \/><\/a><div class=\"slide-content\"><header class=\"entry-content-header\" aria-label=\"Slide: Netzentgelte 2026: Was sich \u00e4ndert \u2013 und wie Du davon profitierst\"><h3 class='slide-entry-title entry-title '  itemprop=\"headline\" ><a href=\"https:\/\/www.maxenergy.at\/magazin\/netzentgelte-2026-was-sich-aendert\/\" title=\"Netzentgelte 2026: Was sich \u00e4ndert \u2013 und wie Du davon profitierst\">Netzentgelte 2026: Was sich \u00e4ndert \u2013 und wie Du davon profitierst<\/a><\/h3><span class=\"av-vertical-delimiter\"><\/span><\/header><div class=\"slide-meta\"><time class='slide-meta-time updated'  itemprop=\"datePublished\" datetime=\"2025-12-08T15:09:02+01:00\" >8. Dezember 2025<\/time><div class=\"slide-meta-del\">\/<\/div><div class=\"slide-meta-comments\"><a href=\"https:\/\/www.maxenergy.at\/magazin\/netzentgelte-2026-was-sich-aendert\/#respond\">0 Kommentare<\/a><\/div><\/div><div class='slide-entry-excerpt entry-content'  itemprop=\"text\" ><div class=\"read-more-link\"><a href=\"https:\/\/www.maxenergy.at\/magazin\/netzentgelte-2026-was-sich-aendert\/\" class=\"more-link\">Weiterlesen<span class='more-link-arrow avia-svg-icon avia-font-svg_entypo-fontello' data-av_svg_icon='right-open-big' data-av_iconset='svg_entypo-fontello'><svg version=\"1.1\" xmlns=\"http:\/\/www.w3.org\/2000\/svg\" width=\"15\" height=\"32\" viewBox=\"0 0 15 32\" preserveAspectRatio=\"xMidYMid meet\" role=\"graphics-symbol\" aria-hidden=\"true\">\n<path d=\"M0.416 27.84l11.456-11.84-11.456-11.904q-0.832-0.832 0-1.536 0.832-0.832 1.536 0l12.544 12.608q0.768 0.832 0 1.6l-12.544 12.608q-0.704 0.832-1.536 0-0.832-0.704 0-1.536z\"><\/path>\n<\/svg><\/span><\/a><\/div><\/div><\/div><footer class=\"entry-footer\"><\/footer><span class='hidden'>\n\t\t\t\t<span class='av-structured-data'  itemprop=\"image\" itemscope=\"itemscope\" itemtype=\"https:\/\/schema.org\/ImageObject\" >\n\t\t\t\t\t\t<span itemprop='url'>https:\/\/www.maxenergy.at\/magazin\/wp-content\/uploads\/2025\/11\/kyrie-kim-jqxB3C0YNG0-unsplash.jpg<\/span>\n\t\t\t\t\t\t<span itemprop='height'>3264<\/span>\n\t\t\t\t\t\t<span itemprop='width'>4896<\/span>\n\t\t\t\t<\/span>\n\t\t\t\t<span class='av-structured-data'  itemprop=\"publisher\" itemtype=\"https:\/\/schema.org\/Organization\" itemscope=\"itemscope\" >\n\t\t\t\t\t\t<span itemprop='name'>Antonia Weimann<\/span>\n\t\t\t\t\t\t<span itemprop='logo' itemscope itemtype='https:\/\/schema.org\/ImageObject'>\n\t\t\t\t\t\t\t<span itemprop='url'>https:\/\/www.maxenergy.at\/magazin\/wp-content\/uploads\/2024\/04\/MaxEnergy_Logo_Weiss_Clean.svg<\/span>\n\t\t\t\t\t\t<\/span>\n\t\t\t\t<\/span><span class='av-structured-data'  itemprop=\"author\" itemscope=\"itemscope\" itemtype=\"https:\/\/schema.org\/Person\" ><span itemprop='name'>Antonia Weimann<\/span><\/span><span class='av-structured-data'  itemprop=\"datePublished\" datetime=\"2023-07-31T07:13:38+02:00\" >2025-12-08 15:09:02<\/span><span class='av-structured-data'  itemprop=\"dateModified\" itemtype=\"https:\/\/schema.org\/dateModified\" >2026-02-27 12:37:19<\/span><span class='av-structured-data'  itemprop=\"mainEntityOfPage\" itemtype=\"https:\/\/schema.org\/mainEntityOfPage\" ><span itemprop='name'>Netzentgelte 2026: Was sich \u00e4ndert \u2013 und wie Du davon profitierst<\/span><\/span><\/span><\/article><\/div><\/div><\/div><\/p><\/div>\n","protected":false},"excerpt":{"rendered":"<p>Wie soll die Energiewende in \u00d6sterreich aussehen? Wir haben die wichtigsten Eckpunkte \u00fcber die Zukunft der Energie \u00d6sterreichs zusammengefasst.<\/p>\n","protected":false},"author":3,"featured_media":2635,"comment_status":"open","ping_status":"open","sticky":false,"template":"","format":"standard","meta":{"footnotes":""},"categories":[248],"tags":[60,53,232,36,32,98,20,136,31,72,44],"class_list":["post-2631","post","type-post","status-publish","format-standard","has-post-thumbnail","hentry","category-strom","tag-energie","tag-energiesparen","tag-energiewende","tag-erneuerbare-energie","tag-gas","tag-maxenergy","tag-nachhaltigkeit","tag-oesterreich","tag-strom","tag-umwelt","tag-zukunft"],"_links":{"self":[{"href":"https:\/\/www.maxenergy.at\/magazin\/wp-json\/wp\/v2\/posts\/2631","targetHints":{"allow":["GET"]}}],"collection":[{"href":"https:\/\/www.maxenergy.at\/magazin\/wp-json\/wp\/v2\/posts"}],"about":[{"href":"https:\/\/www.maxenergy.at\/magazin\/wp-json\/wp\/v2\/types\/post"}],"author":[{"embeddable":true,"href":"https:\/\/www.maxenergy.at\/magazin\/wp-json\/wp\/v2\/users\/3"}],"replies":[{"embeddable":true,"href":"https:\/\/www.maxenergy.at\/magazin\/wp-json\/wp\/v2\/comments?post=2631"}],"version-history":[{"count":7,"href":"https:\/\/www.maxenergy.at\/magazin\/wp-json\/wp\/v2\/posts\/2631\/revisions"}],"predecessor-version":[{"id":2869,"href":"https:\/\/www.maxenergy.at\/magazin\/wp-json\/wp\/v2\/posts\/2631\/revisions\/2869"}],"wp:featuredmedia":[{"embeddable":true,"href":"https:\/\/www.maxenergy.at\/magazin\/wp-json\/wp\/v2\/media\/2635"}],"wp:attachment":[{"href":"https:\/\/www.maxenergy.at\/magazin\/wp-json\/wp\/v2\/media?parent=2631"}],"wp:term":[{"taxonomy":"category","embeddable":true,"href":"https:\/\/www.maxenergy.at\/magazin\/wp-json\/wp\/v2\/categories?post=2631"},{"taxonomy":"post_tag","embeddable":true,"href":"https:\/\/www.maxenergy.at\/magazin\/wp-json\/wp\/v2\/tags?post=2631"}],"curies":[{"name":"wp","href":"https:\/\/api.w.org\/{rel}","templated":true}]}}