{"id":2539,"date":"2023-05-08T13:35:58","date_gmt":"2023-05-08T11:35:58","guid":{"rendered":"https:\/\/www.maxenergy.at\/magazin\/?p=2539"},"modified":"2024-03-18T10:55:23","modified_gmt":"2024-03-18T09:55:23","slug":"stromkostenbremse-was-ab-sofort-gilt","status":"publish","type":"post","link":"https:\/\/www.maxenergy.at\/magazin\/stromkostenbremse-was-ab-sofort-gilt\/","title":{"rendered":"Stromkostenbremse: Was ab sofort gilt"},"content":{"rendered":"\n<style type=\"text\/css\" data-created_by=\"avia_inline_auto\" id=\"style-css-av-lherm1bv-9fcd1f0bb00ddc05d62630c07a549b56\">\n.avia-section.av-lherm1bv-9fcd1f0bb00ddc05d62630c07a549b56{\nbackground-color:rgba(0,0,0,0.5);\nbackground-image:url(https:\/\/www.maxenergy.at\/magazin\/wp-content\/uploads\/2022\/09\/header-strompreisbremse-1030x463.jpg);\nbackground-repeat:no-repeat;\nbackground-position:50% 100%;\nbackground-attachment:fixed;\n}\n<\/style>\n<div id='av_section_1'  class='avia-section av-lherm1bv-9fcd1f0bb00ddc05d62630c07a549b56 main_color avia-section-default avia-no-border-styling  avia-builder-el-0  el_before_av_textblock  avia-builder-el-first  Background-Container__Article avia-full-stretch avia-bg-style-fixed av-minimum-height av-minimum-height-50 av-height-50  container_wrap sidebar_left'  data-section-bg-repeat='stretch' data-av_minimum_height_pc='50' data-av_min_height_opt='50'><div class='container av-section-cont-open' ><main  role=\"main\" itemprop=\"mainContentOfPage\"  class='template-page content  av-content-small units'><div class='post-entry post-entry-type-page post-entry-2539'><div class='entry-content-wrapper clearfix'>\n<div  class='flex_column av-q2qum3-c2fde08be33d18e1c3659ef9c5853880 av_one_fifth  avia-builder-el-1  el_before_av_three_fifth  avia-builder-el-first  first flex_column_div  '     ><\/div><div  class='flex_column av-odvx5n-6f56d34eca6b16d851053026afc94ab9 av_three_fifth  avia-builder-el-2  el_after_av_one_fifth  el_before_av_one_fifth  flex_column_div  '     ><style type=\"text\/css\" data-created_by=\"avia_inline_auto\" id=\"style-css-av-lhehvvc9-760253c31a95f6962b0054306031005b\">\n#top .av_textblock_section.av-lhehvvc9-760253c31a95f6962b0054306031005b .avia_textblock{\nfont-size:40px;\ncolor:#ffffff;\n}\n<\/style>\n<section  class='av_textblock_section av-lhehvvc9-760253c31a95f6962b0054306031005b '   itemscope=\"itemscope\" itemtype=\"https:\/\/schema.org\/BlogPosting\" itemprop=\"blogPost\" ><div class='avia_textblock av_inherit_color'  itemprop=\"text\" ><p style=\"text-align: center;\">NEWS<\/p>\n<\/div><\/section><br \/>\n\n<style type=\"text\/css\" data-created_by=\"avia_inline_auto\" id=\"style-css-av-mrisq3-39918da6b48ea6d50087a50ab3b91304\">\n#top .hr.av-mrisq3-39918da6b48ea6d50087a50ab3b91304{\nmargin-top:30px;\nmargin-bottom:30px;\n}\n.hr.av-mrisq3-39918da6b48ea6d50087a50ab3b91304 .hr-inner{\nwidth:50px;\nborder-color:#ffffff;\n}\n<\/style>\n<div  class='hr av-mrisq3-39918da6b48ea6d50087a50ab3b91304 hr-custom  avia-builder-el-4  el_after_av_textblock  avia-builder-el-last  hr-center hr-icon-no'><span class='hr-inner inner-border-av-border-fat'><span class=\"hr-inner-style\"><\/span><\/span><\/div><\/p><\/div><div  class='flex_column av-kjr53f-f4bed860d0e4f03f16b761d22e90b37c av_one_fifth  avia-builder-el-5  el_after_av_three_fifth  avia-builder-el-last  flex_column_div  '     ><\/div>\n<\/div><\/div><\/main><!-- close content main element --><\/div><\/div><div id='after_section_1'  class='main_color av_default_container_wrap container_wrap sidebar_left'  ><div class='container av-section-cont-open' ><div class='template-page content  av-content-small units'><div class='post-entry post-entry-type-page post-entry-2539'><div class='entry-content-wrapper clearfix'>\n<section  class='av_textblock_section av-lhehwfhu-730000714854a6bbe2d9c865aed5ebd6 '   itemscope=\"itemscope\" itemtype=\"https:\/\/schema.org\/BlogPosting\" itemprop=\"blogPost\" ><div class='avia_textblock'  itemprop=\"text\" ><div id=\"author_pic\"><a href=\"https:\/\/www.maxenergy.at\/magazin\/author\/jasmin\/\" rel=\"author\"><\/a><\/div>\n<h1>Strompreisbremse:<\/h1>\n<h1>Wer ab sofort davon profitieren kann<\/h1>\n<\/div><\/section>\n<div  class='av-post-metadata-container av-1xb4hn-c3631e6ee3827c72c6f081662e15f912 av-metadata-container-align-left  avia-builder-el-7  el_after_av_textblock  el_before_av_textblock  av-metadata-container-1'><div class='av-post-metadata-container-inner'><span class=\"av-post-metadata-content av-post-metadata-meta-content\"><span class=\"av-post-metadata-content av-post-metadata-author\"  itemprop=\"author\" ><span class=\"av-post-metadata-author-link\" ><a href=\"https:\/\/www.maxenergy.at\/magazin\/author\/jasmin\/\"  rel=\"author\">Jasmin Wagner<\/a><\/span><\/span><span class=\"av-post-metadata-content av-post-metadata-separator\">\/<\/span><span class=\"av-post-metadata-content av-post-metadata-published\"><span class=\"av-post-metadata-published-date\" >8. Mai 2023<\/span><\/span><span class=\"av-post-metadata-content av-post-metadata-separator\">\/<\/span><span class=\"av-post-metadata-content av-post-metadata-category\"><span class=\"av-metadata-before av-metadata-before-categories\">in<\/span><span class=\"av-post-metadata-category-link\" ><a href=\"https:\/\/www.maxenergy.at\/magazin\/category\/news\/\" >News<\/a><\/span><\/span><\/span><\/div><\/div>\n<section  class='av_textblock_section av-lhej79ic-cc4d7884b2d87e90626f55e57ccce4d9 '   itemscope=\"itemscope\" itemtype=\"https:\/\/schema.org\/BlogPosting\" itemprop=\"blogPost\" ><div class='avia_textblock'  itemprop=\"text\" ><p>Die Strompreisbremse wurde um einen Personenkreis erweitert. Ab sofort k\u00f6nnen auch alle Personen von der F\u00f6rderung profitieren, die ihr Gewerbe oder ihre Land- und Forstwirtschaft an derselben Adresse betreiben , an der sie ihren Hauptwohnsitz gemeldet haben. Daf\u00fcr muss lediglich der gleiche Z\u00e4hlpunkt genutzt werden, der auch den Haushalt mit Strom versorgt. Anschlie\u00dfend beantworten wir Dir die wichtigsten Fragen und Antworten zu dem erweiterten berechtigten Personenkreis.<\/p>\n<\/div><\/section>\n\n<style type=\"text\/css\" data-created_by=\"avia_inline_auto\" id=\"style-css-av-lhejzolq-df6c01d15f75cc90ab469fb617c71c97\">\n#top .togglecontainer.av-lhejzolq-df6c01d15f75cc90ab469fb617c71c97 p.toggler{\nbackground-color:#ffffff;\n}\n#top .togglecontainer.av-lhejzolq-df6c01d15f75cc90ab469fb617c71c97 .toggle_wrap .toggle_content{\nbackground-color:#ffffff;\n}\n<\/style>\n<div  class='togglecontainer av-lhejzolq-df6c01d15f75cc90ab469fb617c71c97 av-minimal-toggle  avia-builder-el-9  el_after_av_textblock  el_before_av_one_full  toggle_close_all'  itemscope=\"itemscope\" itemtype=\"https:\/\/schema.org\/FAQPage\" >\n<section class='av_toggle_section av-lhejpyq3-b14211e362812892a5427ce18762e331'  itemscope=\"itemscope\" itemprop=\"mainEntity\" itemtype=\"https:\/\/schema.org\/Question\" ><div role=\"tablist\" class=\"single_toggle\" data-tags=\"{Alle} \"  ><p id='toggle-toggle-id-1' data-fake-id='#toggle-id-1' class='toggler  av-title-above '  itemprop=\"name\"  role='tab' tabindex='0' aria-controls='toggle-id-1' data-slide-speed=\"200\" data-title=\"Wie beantrage ich die Stromkostenbremse f\u00fcr Landwirtschaft und Gewerbe?\" data-title-open=\"\" data-aria_collapsed=\"Click to expand: Wie beantrage ich die Stromkostenbremse f\u00fcr Landwirtschaft und Gewerbe?\" data-aria_expanded=\"Click to collapse: Wie beantrage ich die Stromkostenbremse f\u00fcr Landwirtschaft und Gewerbe?\">Wie beantrage ich die Stromkostenbremse f\u00fcr Landwirtschaft und Gewerbe?<span class=\"toggle_icon\"><span class=\"vert_icon\"><\/span><span class=\"hor_icon\"><\/span><\/span><\/p><div id='toggle-id-1' aria-labelledby='toggle-toggle-id-1' role='region' class='toggle_wrap  av-title-above'   itemscope=\"itemscope\" itemprop=\"acceptedAnswer\" itemtype=\"https:\/\/schema.org\/Answer\" ><div class='toggle_content invers-color '  itemprop=\"text\" ><p>Den Zuschuss kannst Du bei der <a href=\"https:\/\/www.stromkostenzuschuss.gv.at\/lufg\/antrag\" rel=\"nofollow noopener\" target=\"_blank\">\u00f6sterreichischen Bundesregierung<\/a> beantragen. Weitere Informationen zum erweiterten Personenkreis findest Du ebenfalls auf der <a href=\"https:\/\/www.oesterreich.gv.at\/themen\/steuern_und_finanzen\/sonstige_beihilfen_und_foerderungen\/entlastungspaket\/allgemeine-informationsseite\/informationen-fuer-landwirtschaftliche-betriebe-und-gewerbebetriebe.html\" rel=\"nofollow noopener\" target=\"_blank\">Informationsseite der Bundesregierung<\/a>.<\/p>\n<\/div><\/div><\/div><\/section>\n<section class='av_toggle_section av-lhejrwc1-5631b5a863c12edbe275be0fde54771b'  itemscope=\"itemscope\" itemprop=\"mainEntity\" itemtype=\"https:\/\/schema.org\/Question\" ><div role=\"tablist\" class=\"single_toggle\" data-tags=\"{Alle} \"  ><p id='toggle-toggle-id-2' data-fake-id='#toggle-id-2' class='toggler  av-title-above '  itemprop=\"name\"  role='tab' tabindex='0' aria-controls='toggle-id-2' data-slide-speed=\"200\" data-title=\"Wer ist f\u00fcr den Stromkostenzuschuss berechtigt?\" data-title-open=\"\" data-aria_collapsed=\"Click to expand: Wer ist f\u00fcr den Stromkostenzuschuss berechtigt?\" data-aria_expanded=\"Click to collapse: Wer ist f\u00fcr den Stromkostenzuschuss berechtigt?\">Wer ist f\u00fcr den Stromkostenzuschuss berechtigt?<span class=\"toggle_icon\"><span class=\"vert_icon\"><\/span><span class=\"hor_icon\"><\/span><\/span><\/p><div id='toggle-id-2' aria-labelledby='toggle-toggle-id-2' role='region' class='toggle_wrap  av-title-above'   itemscope=\"itemscope\" itemprop=\"acceptedAnswer\" itemtype=\"https:\/\/schema.org\/Answer\" ><div class='toggle_content invers-color '  itemprop=\"text\" ><p>Berechtigt sind private Haushalte und nun auch Landwirtschaft und Gewerbetreibende, die mit dem gleichen Z\u00e4hlpunkt auch ihren Haushalt mit Strom versorgen.<\/p>\n<\/div><\/div><\/div><\/section>\n<section class='av_toggle_section av-lhejz9we-3f702851c1d5a26e88083154c978442c'  itemscope=\"itemscope\" itemprop=\"mainEntity\" itemtype=\"https:\/\/schema.org\/Question\" ><div role=\"tablist\" class=\"single_toggle\" data-tags=\"{Alle} \"  ><p id='toggle-toggle-id-3' data-fake-id='#toggle-id-3' class='toggler  av-title-above '  itemprop=\"name\"  role='tab' tabindex='0' aria-controls='toggle-id-3' data-slide-speed=\"200\" data-title=\"Welche Lastprofile sind f\u00fcr den Stromkostenzuschuss berechtigt?\" data-title-open=\"\" data-aria_collapsed=\"Click to expand: Welche Lastprofile sind f\u00fcr den Stromkostenzuschuss berechtigt?\" data-aria_expanded=\"Click to collapse: Welche Lastprofile sind f\u00fcr den Stromkostenzuschuss berechtigt?\">Welche Lastprofile sind f\u00fcr den Stromkostenzuschuss berechtigt?<span class=\"toggle_icon\"><span class=\"vert_icon\"><\/span><span class=\"hor_icon\"><\/span><\/span><\/p><div id='toggle-id-3' aria-labelledby='toggle-toggle-id-3' role='region' class='toggle_wrap  av-title-above'   itemscope=\"itemscope\" itemprop=\"acceptedAnswer\" itemtype=\"https:\/\/schema.org\/Answer\" ><div class='toggle_content invers-color '  itemprop=\"text\" ><p>Potenziell Beg\u00fcnstigte sind alle f\u00fcr einen Stromvertrag zahlungspflichtigen Personen mit den Lastprofilen G (Gewerbe) und L (Landwirtschaft) sowie bestimmte Z\u00e4hlpunkte mit dem Lastprofil H (Haushalt). Stromkunden mit dem Lastprofil\u00a0H\u00a0profitieren schon seit 1. Dezember 2022 von der Stromkostenbremse, jedoch waren Organisationen wie gewerbliche\u00a0bzw.\u00a0land- und forstwirtschaftliche Betriebe, juristische Personen\u00a0etc.\u00a0mit dem Lastprofil H bisher ausgenommen und fallen nach der Novellierung des Stromkostenzuschussgesetzes auch in den Kreis der potenziell Beg\u00fcnstigten.<\/p>\n<\/div><\/div><\/div><\/section>\n<section class='av_toggle_section av-lhelmub7-7c813a91fcfdaeeafeb0d5f90b3e19f7'  itemscope=\"itemscope\" itemprop=\"mainEntity\" itemtype=\"https:\/\/schema.org\/Question\" ><div role=\"tablist\" class=\"single_toggle\" data-tags=\"{Alle} \"  ><p id='toggle-toggle-id-4' data-fake-id='#toggle-id-4' class='toggler  av-title-above '  itemprop=\"name\"  role='tab' tabindex='0' aria-controls='toggle-id-4' data-slide-speed=\"200\" data-title=\"Was, wenn ich \u00fcber mehrere Z\u00e4hlpunkte verf\u00fcge?\" data-title-open=\"\" data-aria_collapsed=\"Click to expand: Was, wenn ich \u00fcber mehrere Z\u00e4hlpunkte verf\u00fcge?\" data-aria_expanded=\"Click to collapse: Was, wenn ich \u00fcber mehrere Z\u00e4hlpunkte verf\u00fcge?\">Was, wenn ich \u00fcber mehrere Z\u00e4hlpunkte verf\u00fcge?<span class=\"toggle_icon\"><span class=\"vert_icon\"><\/span><span class=\"hor_icon\"><\/span><\/span><\/p><div id='toggle-id-4' aria-labelledby='toggle-toggle-id-4' role='region' class='toggle_wrap  av-title-above'   itemscope=\"itemscope\" itemprop=\"acceptedAnswer\" itemtype=\"https:\/\/schema.org\/Answer\" ><div class='toggle_content invers-color '  itemprop=\"text\" ><p>Wenn Du sowohl \u00fcber einen Z\u00e4hlpunkt f\u00fcr Deinen Haushalt, als auch \u00fcber einen Z\u00e4hlpunkt f\u00fcr Deinen Betrieb verf\u00fcgst, sollte Dein Grundkontingent bereits aufgrund der bisherigen Regelung f\u00fcr &#8222;Privathaushalte&#8220; durch Deinen Stromlieferanten ber\u00fccksichtigt werden. In diesem Fall darf das Grundkontingent &#8222;Gewerbe und Land-\/Forstwirtschaft&#8220; nicht zus\u00e4tzlich beantragt werden. Eine Gew\u00e4hrung des Grundkontingents f\u00fcr eine nat\u00fcrliche Person aus beiden Regelungen ist jedenfalls unzul\u00e4ssig und muss im Rahmen der Beantragung abgelehnt werden. Ist Dir nicht klar, ob das Grundkontingent bereits gew\u00e4hrt wird, \u00fcberpr\u00fcfe zun\u00e4chst bitte Deine Stromrechnung, besuche das Online-Portal Deines Stromlieferanten oder frage bei Deinem Stromlieferanten nach.<\/p>\n<\/div><\/div><\/div><\/section>\n<section class='av_toggle_section av-lhelpfi1-0d3e8f415b237dd40e2f70b55a2778ff'  itemscope=\"itemscope\" itemprop=\"mainEntity\" itemtype=\"https:\/\/schema.org\/Question\" ><div role=\"tablist\" class=\"single_toggle\" data-tags=\"{Alle} \"  ><p id='toggle-toggle-id-5' data-fake-id='#toggle-id-5' class='toggler  av-title-above '  itemprop=\"name\"  role='tab' tabindex='0' aria-controls='toggle-id-5' data-slide-speed=\"200\" data-title=\"Welche Voraussetzungen gibt es f\u00fcr die Stromkostenbremse?\" data-title-open=\"\" data-aria_collapsed=\"Click to expand: Welche Voraussetzungen gibt es f\u00fcr die Stromkostenbremse?\" data-aria_expanded=\"Click to collapse: Welche Voraussetzungen gibt es f\u00fcr die Stromkostenbremse?\">Welche Voraussetzungen gibt es f\u00fcr die Stromkostenbremse?<span class=\"toggle_icon\"><span class=\"vert_icon\"><\/span><span class=\"hor_icon\"><\/span><\/span><\/p><div id='toggle-id-5' aria-labelledby='toggle-toggle-id-5' role='region' class='toggle_wrap  av-title-above'   itemscope=\"itemscope\" itemprop=\"acceptedAnswer\" itemtype=\"https:\/\/schema.org\/Answer\" ><div class='toggle_content invers-color '  itemprop=\"text\" ><p>Alle Informationen zur Stromkostenbremse f\u00fcr Privathaushalte findest Du in unserem <a href=\"https:\/\/www.maxenergy.at\/magazin\/strompreisbremse\/\">Artikel zur Stromkostenbremse<\/a>.<\/p>\n<\/div><\/div><\/div><\/section>\n<\/div>\n\n<style type=\"text\/css\" data-created_by=\"avia_inline_auto\" id=\"style-css-av-ayvsxn-6899e2a2477e62bccd86237907f7fa22\">\n.flex_column.av-ayvsxn-6899e2a2477e62bccd86237907f7fa22{\nborder-width:2px;\nborder-color:#000000;\nborder-style:solid;\nborder-radius:5px 5px 5px 5px;\npadding:30px 30px 30px 30px;\n}\n<\/style>\n<div  class='flex_column av-ayvsxn-6899e2a2477e62bccd86237907f7fa22 av_one_full  avia-builder-el-10  el_after_av_toggle_container  el_before_av_promobox  first flex_column_div  '     ><section  class='av_textblock_section av-lhelxsfm-1662e7479598e3363fcf897dcdb803f3 '   itemscope=\"itemscope\" itemtype=\"https:\/\/schema.org\/BlogPosting\" itemprop=\"blogPost\" ><div class='avia_textblock'  itemprop=\"text\" ><p class=\"pp_article_paragraph margin\"><b>Weitere Informationen zum Stromkostenzuschuss erh\u00e4ltst Du auf der Website der <a href=\"https:\/\/www.oesterreich.gv.at\/themen\/steuern_und_finanzen\/sonstige_beihilfen_und_foerderungen\/entlastungspaket\/allgemeine-informationsseite.html\" rel=\"nofollow noopener\" target=\"_blank\">Bundesregierung<\/a>.\u00a0<\/b><\/p>\n<\/div><\/section><\/div><div  class='av_promobox av-lhelqowh-2dd340bd323d0ef2b9eb4d5f85d97c41 avia-button-yes  avia-builder-el-12  el_after_av_one_full  el_before_av_textblock  promo-box__wrapper'><div class='avia-promocontent'><p>\nLangfristig zu gr\u00fcnem Strom wechseln &#8211; auch nach der Stromkostenbremse! MAXENERGY hat Deinen passenden Tarif.<\/p>\n<\/div><div  class='avia-button-wrap av-lhelqowh-7562e08b203f4a9c1392410813a66100-wrap avia-button-right  promo-box__wrapper'><a href=\"https:\/\/www.maxenergy.at\/?utm_campaign=MAXMagazin\" class=\"avia-button av-lhelqowh-7562e08b203f4a9c1392410813a66100 av-link-btn avia-icon_select-no avia-size-large avia-position-right avia-color-grey\" target=\"_blank\" rel=\"noopener noreferrer\" aria-label=\"Jetzt Tarif berechnen\"><span class='avia_iconbox_title' >Jetzt Tarif berechnen<\/span><\/a><\/div><\/div><\/p>\n<section  class='av_textblock_section av-lhejhkuj-f8c5b4e98e4710d440d57a851e18c7f4 '   itemscope=\"itemscope\" itemtype=\"https:\/\/schema.org\/BlogPosting\" itemprop=\"blogPost\" ><div class='avia_textblock'  itemprop=\"text\" ><h2>Stromkostenerg\u00e4nzungszuschuss<\/h2>\n<p>Zus\u00e4tzlich zum erweiterten Personenkreis k\u00f6nnen gr\u00f6\u00dfere private Haushalte von einem Stromkostenerg\u00e4nzungszuschuss profitieren. Das betrifft Haushalte mit mehr als drei Personen, f\u00fcr die das Grundkontingent in H\u00f6he von 2.900 kWh nicht ausreichend ist. im Anschluss beantworten wir Dir einige Fragen zum Stromkostenerg\u00e4nzungszuschuss.<\/p>\n<\/div><\/section>\n\n<style type=\"text\/css\" data-created_by=\"avia_inline_auto\" id=\"style-css-av-lhem5a3h-6d55148feee99c87abf921adbef69f15\">\n#top .togglecontainer.av-lhem5a3h-6d55148feee99c87abf921adbef69f15 p.toggler{\nbackground-color:#ffffff;\n}\n#top .togglecontainer.av-lhem5a3h-6d55148feee99c87abf921adbef69f15 .toggle_wrap .toggle_content{\nbackground-color:#ffffff;\n}\n<\/style>\n<div  class='togglecontainer av-lhem5a3h-6d55148feee99c87abf921adbef69f15 av-minimal-toggle  avia-builder-el-14  el_after_av_textblock  el_before_av_hr  toggle_close_all' >\n<section class='av_toggle_section av-lhem18lu-385293db9d9bca99b38ecd7b358e293b'  itemscope=\"itemscope\" itemprop=\"mainEntity\" itemtype=\"https:\/\/schema.org\/Question\" ><div role=\"tablist\" class=\"single_toggle\" data-tags=\"{Alle} \"  ><p id='toggle-toggle-id-6' data-fake-id='#toggle-id-6' class='toggler  av-title-above '  itemprop=\"name\"  role='tab' tabindex='0' aria-controls='toggle-id-6' data-slide-speed=\"200\" data-title=\"Was ist der Stromkostenerg\u00e4nzungszuschuss?\" data-title-open=\"\" data-aria_collapsed=\"Click to expand: Was ist der Stromkostenerg\u00e4nzungszuschuss?\" data-aria_expanded=\"Click to collapse: Was ist der Stromkostenerg\u00e4nzungszuschuss?\">Was ist der Stromkostenerg\u00e4nzungszuschuss?<span class=\"toggle_icon\"><span class=\"vert_icon\"><\/span><span class=\"hor_icon\"><\/span><\/span><\/p><div id='toggle-id-6' aria-labelledby='toggle-toggle-id-6' role='region' class='toggle_wrap  av-title-above'   itemscope=\"itemscope\" itemprop=\"acceptedAnswer\" itemtype=\"https:\/\/schema.org\/Answer\" ><div class='toggle_content invers-color '  itemprop=\"text\" ><p>Mit dem Stromkostenerg\u00e4nzungszuschuss sollen gr\u00f6\u00dfere Haushalte \u00fcber drei Personen entlastet werden. Auf der Seite der Bundesregierung findest Du ein <a href=\"https:\/\/youtu.be\/xpo55BD7EAg\" rel=\"nofollow noopener\" target=\"_blank\">ausf\u00fchrliches Video<\/a>, in dem die wichtigsten Informationen veranschaulicht werden. Weitere Informationen zum Stromkostenerg\u00e4nzungszuschuss findest Du auf der entsprechenden <a href=\"https:\/\/www.oesterreich.gv.at\/themen\/steuern_und_finanzen\/sonstige_beihilfen_und_foerderungen\/entlastungspaket\/allgemeine-informationsseite\/informationen-fuer-haushalte.html\" rel=\"nofollow noopener\" target=\"_blank\">Seite der \u00f6sterreichischen Bundesregierung<\/a>.<\/p>\n<\/div><\/div><\/div><\/section>\n<section class='av_toggle_section av-lhem2e0r-bd6379decea4c2f1535695213940c36a'  itemscope=\"itemscope\" itemprop=\"mainEntity\" itemtype=\"https:\/\/schema.org\/Question\" ><div role=\"tablist\" class=\"single_toggle\" data-tags=\"{Alle} \"  ><p id='toggle-toggle-id-7' data-fake-id='#toggle-id-7' class='toggler  av-title-above '  itemprop=\"name\"  role='tab' tabindex='0' aria-controls='toggle-id-7' data-slide-speed=\"200\" data-title=\"Was ist das Grundkontingent?\" data-title-open=\"\" data-aria_collapsed=\"Click to expand: Was ist das Grundkontingent?\" data-aria_expanded=\"Click to collapse: Was ist das Grundkontingent?\">Was ist das Grundkontingent?<span class=\"toggle_icon\"><span class=\"vert_icon\"><\/span><span class=\"hor_icon\"><\/span><\/span><\/p><div id='toggle-id-7' aria-labelledby='toggle-toggle-id-7' role='region' class='toggle_wrap  av-title-above'   itemscope=\"itemscope\" itemprop=\"acceptedAnswer\" itemtype=\"https:\/\/schema.org\/Answer\" ><div class='toggle_content invers-color '  itemprop=\"text\" ><p>Pro Haushaltsz\u00e4hlpunkt wird ein Grundkontingent von maximal 2.900 Kilowattstunden (kWh) pro Jahr gef\u00f6rdert. Das hei\u00dft: Bis zu einem j\u00e4hrlichen Verbrauch von 2.900\u00a0kWh \u00fcbernimmt der Bund einen Teil der Stromrechnung. Wie hoch der Zuschuss des Bundes ist, h\u00e4ngt davon ab, wie hoch der jeweilige Strompreis ist. Haushaltskund:innen mit h\u00f6heren Stromkosten werden st\u00e4rker entlastet als die, die noch zu g\u00fcnstigeren Konditionen Strom beziehen k\u00f6nnen.<\/p>\n<\/div><\/div><\/div><\/section>\n<section class='av_toggle_section av-lhem49kk-27a0a279aef03847e257f43d69060571'  itemscope=\"itemscope\" itemprop=\"mainEntity\" itemtype=\"https:\/\/schema.org\/Question\" ><div role=\"tablist\" class=\"single_toggle\" data-tags=\"{Alle} \"  ><p id='toggle-toggle-id-8' data-fake-id='#toggle-id-8' class='toggler  av-title-above '  itemprop=\"name\"  role='tab' tabindex='0' aria-controls='toggle-id-8' data-slide-speed=\"200\" data-title=\"Wer bekommt den Stromkostenerg\u00e4nzungszuschuss?\" data-title-open=\"\" data-aria_collapsed=\"Click to expand: Wer bekommt den Stromkostenerg\u00e4nzungszuschuss?\" data-aria_expanded=\"Click to collapse: Wer bekommt den Stromkostenerg\u00e4nzungszuschuss?\">Wer bekommt den Stromkostenerg\u00e4nzungszuschuss?<span class=\"toggle_icon\"><span class=\"vert_icon\"><\/span><span class=\"hor_icon\"><\/span><\/span><\/p><div id='toggle-id-8' aria-labelledby='toggle-toggle-id-8' role='region' class='toggle_wrap  av-title-above'   itemscope=\"itemscope\" itemprop=\"acceptedAnswer\" itemtype=\"https:\/\/schema.org\/Answer\" ><div class='toggle_content invers-color '  itemprop=\"text\" ><p>Der Stromkostenerg\u00e4nzungszuschuss steht der Person zu, die aus einem Stromlieferungsvertrag f\u00fcr einen Haushaltsz\u00e4hlpunkt zahlungspflichtig ist. Dabei m\u00fcssen mehr als drei Personen an derselben Adresse zum jeweiligen Stichtag ihren Hauptwohnsitz haben. Ob diese Personen im gleichen Haushalt leben oder nicht, ist nicht ma\u00dfgeblich. Der Zuschuss wird zeitversetzt in drei Tranchen ber\u00fccksichtigt; daf\u00fcr gelten unterschiedliche Stichtage in Bezug auf den Hauptwohnsitz:<\/p>\n<ul>\n<li>Tranche 1: 1. Dezember\u00a02022 bis 30. Juni 2023 -> Stichtag 1. Februar 2023<\/li>\n<li>Tranche 2: 1. Juli 2023 bis 31. Dezember 2023 -> Stichtag 1. Juli 2023<\/li>\n<li>Tranche 3: 1. J\u00e4nner 2024 bis 30. Juni 2024 -> Stichtag 1. J\u00e4nner 2024<\/li>\n<\/ul>\n<\/div><\/div><\/div><\/section>\n<section class='av_toggle_section av-lhem49kk-17-a62e09c3fa486c68537cfded2fb6c5b9'  itemscope=\"itemscope\" itemprop=\"mainEntity\" itemtype=\"https:\/\/schema.org\/Question\" ><div role=\"tablist\" class=\"single_toggle\" data-tags=\"{Alle} \"  ><p id='toggle-toggle-id-9' data-fake-id='#toggle-id-9' class='toggler  av-title-above '  itemprop=\"name\"  role='tab' tabindex='0' aria-controls='toggle-id-9' data-slide-speed=\"200\" data-title=\"Wie hoch ist der Stromkostenerg\u00e4nzungszuschuss?\" data-title-open=\"\" data-aria_collapsed=\"Click to expand: Wie hoch ist der Stromkostenerg\u00e4nzungszuschuss?\" data-aria_expanded=\"Click to collapse: Wie hoch ist der Stromkostenerg\u00e4nzungszuschuss?\">Wie hoch ist der Stromkostenerg\u00e4nzungszuschuss?<span class=\"toggle_icon\"><span class=\"vert_icon\"><\/span><span class=\"hor_icon\"><\/span><\/span><\/p><div id='toggle-id-9' aria-labelledby='toggle-toggle-id-9' role='region' class='toggle_wrap  av-title-above'   itemscope=\"itemscope\" itemprop=\"acceptedAnswer\" itemtype=\"https:\/\/schema.org\/Answer\" ><div class='toggle_content invers-color '  itemprop=\"text\" ><p>Der Stromkostenerg\u00e4nzungszuschuss ist ein (vom tats\u00e4chlichen Stromverbrauch unabh\u00e4ngiger) Fixbetrag, der f\u00fcr drei Tranchen auf der Jahres- <abbr title=\"beziehungsweise\">bzw.<\/abbr>\u00a0Schlussabrechnung ber\u00fccksichtigt wird.<\/p>\n<ul>\n<li>Tranche 1: 1. Dezember 2022 bis 30. Juni 2023 -> 61,25 Euro pro Person *)<\/li>\n<li>Tranche 2: 1. Juli 2023 bis 31. Dezember 2023 -> 52,50 Euro pro Person *)<\/li>\n<li>Tranche 3: 1. J\u00e4nner 2024 bis 30. Juni 2024 -> 52,50 Euro pro Person *)<\/li>\n<\/ul>\n<\/div><\/div><\/div><\/section>\n<section class='av_toggle_section av-lhem49kk-16-ef1916e4ec35be963944bbd35e3fce6a'  itemscope=\"itemscope\" itemprop=\"mainEntity\" itemtype=\"https:\/\/schema.org\/Question\" ><div role=\"tablist\" class=\"single_toggle\" data-tags=\"{Alle} \"  ><p id='toggle-toggle-id-10' data-fake-id='#toggle-id-10' class='toggler  av-title-above '  itemprop=\"name\"  role='tab' tabindex='0' aria-controls='toggle-id-10' data-slide-speed=\"200\" data-title=\"Muss ich den Stromkostenerg\u00e4nzungszuschuss selbst beantragen?\" data-title-open=\"\" data-aria_collapsed=\"Click to expand: Muss ich den Stromkostenerg\u00e4nzungszuschuss selbst beantragen?\" data-aria_expanded=\"Click to collapse: Muss ich den Stromkostenerg\u00e4nzungszuschuss selbst beantragen?\">Muss ich den Stromkostenerg\u00e4nzungszuschuss selbst beantragen?<span class=\"toggle_icon\"><span class=\"vert_icon\"><\/span><span class=\"hor_icon\"><\/span><\/span><\/p><div id='toggle-id-10' aria-labelledby='toggle-toggle-id-10' role='region' class='toggle_wrap  av-title-above'   itemscope=\"itemscope\" itemprop=\"acceptedAnswer\" itemtype=\"https:\/\/schema.org\/Answer\" ><div class='toggle_content invers-color '  itemprop=\"text\" ><p>Der Stromkostenerg\u00e4nzungszuschuss wird in den meisten F\u00e4llen automatisch von Deinem Stromlieferanten ber\u00fccksichtigt. Unter bestimmten Umst\u00e4nden ist eine automatische Ber\u00fccksichtigung nicht m\u00f6glich und macht einen Antrag erforderlich. In diesem Fall wirst Du rechtzeitig per eMail oder Brief informiert.<\/p>\n<p><strong>Wichtiger Hinweis:<\/strong>\u00a0Wenn Strom ausschlie\u00dflich \u00fcber einen Z\u00e4hlpunkt bezogen wird, der auf einen\u00a0<a href=\"https:\/\/www.oesterreich.gv.at\/themen\/steuern_und_finanzen\/sonstige_beihilfen_und_foerderungen\/entlastungspaket\/allgemeine-informationsseite\/informationen-fuer-landwirtschaftliche-betriebe-und-gewerbebetriebe.html\" rel=\"nofollow noopener\" target=\"_blank\">landwirtschaftlichen Betrieb oder Gewerbebetrieb<\/a> angemeldet ist, gelten zum Teil andere Regeln. Die werden bereits oben in diesem Artikel erkl\u00e4rt.<\/p>\n<\/div><\/div><\/div><\/section>\n<\/div>\n\n<style type=\"text\/css\" data-created_by=\"avia_inline_auto\" id=\"style-css-av-bsth8b-e3a20646c20d89affc59b7d2fce4330e\">\n#top .hr.hr-invisible.av-bsth8b-e3a20646c20d89affc59b7d2fce4330e{\nheight:30px;\n}\n<\/style>\n<div  class='hr av-bsth8b-e3a20646c20d89affc59b7d2fce4330e hr-invisible  avia-builder-el-15  el_after_av_toggle_container  el_before_av_hr '><span class='hr-inner '><span class=\"hr-inner-style\"><\/span><\/span><\/div>\n\n<style type=\"text\/css\" data-created_by=\"avia_inline_auto\" id=\"style-css-av-9goxgb-6c1e18cdf9f68b3ff308734b05e72ea3\">\n#top .hr.hr-invisible.av-9goxgb-6c1e18cdf9f68b3ff308734b05e72ea3{\nheight:30px;\n}\n<\/style>\n<div  class='hr av-9goxgb-6c1e18cdf9f68b3ff308734b05e72ea3 hr-invisible  avia-builder-el-16  el_after_av_hr  el_before_av_one_full '><span class='hr-inner '><span class=\"hr-inner-style\"><\/span><\/span><\/div>\n<div  class='flex_column av-q1rob-19142599cc0137dc0dad3b0656da9b60 av_one_full  avia-builder-el-17  el_after_av_hr  avia-builder-el-last  first flex_column_div  '     ><p>\n<style type=\"text\/css\" data-created_by=\"avia_inline_auto\" id=\"style-css-av-n3gij-815a7f4c6f0f3db1141ada9ce6e16f9e\">\n#top .hr.hr-invisible.av-n3gij-815a7f4c6f0f3db1141ada9ce6e16f9e{\nheight:30px;\n}\n<\/style>\n<div  class='hr av-n3gij-815a7f4c6f0f3db1141ada9ce6e16f9e hr-invisible  avia-builder-el-18  el_before_av_textblock  avia-builder-el-first '><span class='hr-inner '><span class=\"hr-inner-style\"><\/span><\/span><\/div><br \/>\n<section  class='av_textblock_section av-3nnmyj-afbe52d7b11b6976d21879a82a05214a '   itemscope=\"itemscope\" itemtype=\"https:\/\/schema.org\/BlogPosting\" itemprop=\"blogPost\" ><div class='avia_textblock'  itemprop=\"text\" ><h2>Das k\u00f6nnte Dich auch interessieren:<\/h2>\n<\/div><\/section><br \/>\n<div  data-slideshow-options=\"{&quot;animation&quot;:&quot;fade&quot;,&quot;autoplay&quot;:false,&quot;loop_autoplay&quot;:&quot;once&quot;,&quot;interval&quot;:&quot;5&quot;,&quot;loop_manual&quot;:&quot;manual-endless&quot;,&quot;autoplay_stopper&quot;:false,&quot;noNavigation&quot;:false,&quot;show_slide_delay&quot;:90}\" class='avia-content-slider avia-content-slider-active avia-content-slider1 avia-content-slider-odd  avia-builder-el-20  el_after_av_textblock  avia-builder-el-last  av-slideshow-ui av-control-default   av-no-slider-navigation av-slideshow-manual av-loop-once av-loop-manual-endless '  itemscope=\"itemscope\" itemtype=\"https:\/\/schema.org\/Blog\" ><div class=\"avia-content-slider-inner\"><div class=\"slide-entry-wrap\"><article class='slide-entry flex_column  post-entry post-entry-3506 slide-entry-overview slide-loop-1 slide-parity-odd  av_one_third first real-thumbnail posttype-post post-format-standard'  itemscope=\"itemscope\" itemtype=\"https:\/\/schema.org\/BlogPosting\" itemprop=\"blogPost\" ><a href=\"https:\/\/www.maxenergy.at\/magazin\/vogelschutz-in-der-brutzeit\/\" data-rel=\"slide-1\" class=\"slide-image\" title=\"Vogelschutz in der Brutzeit: Was Du im Garten beachten solltest\"><img decoding=\"async\" loading=\"lazy\" width=\"495\" height=\"400\" src=\"https:\/\/www.maxenergy.at\/magazin\/wp-content\/uploads\/2026\/03\/Image-7-e1773755477175-495x400.jpg\" class=\"wp-image-3507 avia-img-lazy-loading-3507 attachment-portfolio size-portfolio wp-post-image\" alt=\"Vogel Kr\u00e4he mit Nuss im Schnabel\" \/><\/a><div class=\"slide-content\"><header class=\"entry-content-header\" aria-label=\"Slide: Vogelschutz in der Brutzeit: Was Du im Garten beachten solltest\"><h3 class='slide-entry-title entry-title '  itemprop=\"headline\" ><a href=\"https:\/\/www.maxenergy.at\/magazin\/vogelschutz-in-der-brutzeit\/\" title=\"Vogelschutz in der Brutzeit: Was Du im Garten beachten solltest\">Vogelschutz in der Brutzeit: Was Du im Garten beachten solltest<\/a><\/h3><span class=\"av-vertical-delimiter\"><\/span><\/header><div class=\"slide-meta\"><time class='slide-meta-time updated'  itemprop=\"datePublished\" datetime=\"2026-04-28T08:43:33+02:00\" >28. April 2026<\/time><div class=\"slide-meta-del\">\/<\/div><div class=\"slide-meta-comments\"><a href=\"https:\/\/www.maxenergy.at\/magazin\/vogelschutz-in-der-brutzeit\/#respond\">0 Kommentare<\/a><\/div><\/div><div class='slide-entry-excerpt entry-content'  itemprop=\"text\" ><div class=\"read-more-link\"><a href=\"https:\/\/www.maxenergy.at\/magazin\/vogelschutz-in-der-brutzeit\/\" class=\"more-link\">Weiterlesen<span class='more-link-arrow avia-svg-icon avia-font-svg_entypo-fontello' data-av_svg_icon='right-open-big' data-av_iconset='svg_entypo-fontello'><svg version=\"1.1\" xmlns=\"http:\/\/www.w3.org\/2000\/svg\" width=\"15\" height=\"32\" viewBox=\"0 0 15 32\" preserveAspectRatio=\"xMidYMid meet\" role=\"graphics-symbol\" aria-hidden=\"true\">\n<path d=\"M0.416 27.84l11.456-11.84-11.456-11.904q-0.832-0.832 0-1.536 0.832-0.832 1.536 0l12.544 12.608q0.768 0.832 0 1.6l-12.544 12.608q-0.704 0.832-1.536 0-0.832-0.704 0-1.536z\"><\/path>\n<\/svg><\/span><\/a><\/div><\/div><\/div><footer class=\"entry-footer\"><\/footer><span class='hidden'>\n\t\t\t\t<span class='av-structured-data'  itemprop=\"image\" itemscope=\"itemscope\" itemtype=\"https:\/\/schema.org\/ImageObject\" >\n\t\t\t\t\t\t<span itemprop='url'>https:\/\/www.maxenergy.at\/magazin\/wp-content\/uploads\/2026\/03\/Image-7-e1773755477175.jpg<\/span>\n\t\t\t\t\t\t<span itemprop='height'>594<\/span>\n\t\t\t\t\t\t<span itemprop='width'>766<\/span>\n\t\t\t\t<\/span>\n\t\t\t\t<span class='av-structured-data'  itemprop=\"publisher\" itemtype=\"https:\/\/schema.org\/Organization\" itemscope=\"itemscope\" >\n\t\t\t\t\t\t<span itemprop='name'>Antonia Weimann<\/span>\n\t\t\t\t\t\t<span itemprop='logo' itemscope itemtype='https:\/\/schema.org\/ImageObject'>\n\t\t\t\t\t\t\t<span itemprop='url'>https:\/\/www.maxenergy.at\/magazin\/wp-content\/uploads\/2024\/04\/MaxEnergy_Logo_Weiss_Clean.svg<\/span>\n\t\t\t\t\t\t<\/span>\n\t\t\t\t<\/span><span class='av-structured-data'  itemprop=\"author\" itemscope=\"itemscope\" itemtype=\"https:\/\/schema.org\/Person\" ><span itemprop='name'>Antonia Weimann<\/span><\/span><span class='av-structured-data'  itemprop=\"datePublished\" datetime=\"2023-05-08T13:35:58+02:00\" >2026-04-28 08:43:33<\/span><span class='av-structured-data'  itemprop=\"dateModified\" itemtype=\"https:\/\/schema.org\/dateModified\" >2026-04-28 08:43:33<\/span><span class='av-structured-data'  itemprop=\"mainEntityOfPage\" itemtype=\"https:\/\/schema.org\/mainEntityOfPage\" ><span itemprop='name'>Vogelschutz in der Brutzeit: Was Du im Garten beachten solltest<\/span><\/span><\/span><\/article><article class='slide-entry flex_column  post-entry post-entry-3458 slide-entry-overview slide-loop-2 slide-parity-even  av_one_third  real-thumbnail posttype-post post-format-standard'  itemscope=\"itemscope\" itemtype=\"https:\/\/schema.org\/BlogPosting\" itemprop=\"blogPost\" ><a href=\"https:\/\/www.maxenergy.at\/magazin\/gemeinsam-gegen-energiearmut\/\" data-rel=\"slide-1\" class=\"slide-image\" title=\"Gemeinsam gegen Energiearmut: 10.000 Euro f\u00fcr \u201eEin Funken W\u00e4rme\u201c der Caritas Wien\"><img decoding=\"async\" loading=\"lazy\" width=\"495\" height=\"400\" src=\"https:\/\/www.maxenergy.at\/magazin\/wp-content\/uploads\/2025\/12\/caritas-1-495x400.png\" class=\"wp-image-3471 avia-img-lazy-loading-3471 attachment-portfolio size-portfolio wp-post-image\" alt=\"\" srcset=\"https:\/\/www.maxenergy.at\/magazin\/wp-content\/uploads\/2025\/12\/caritas-1-495x400.png 495w, https:\/\/www.maxenergy.at\/magazin\/wp-content\/uploads\/2025\/12\/caritas-1-845x684.png 845w\" sizes=\"auto, (max-width: 495px) 100vw, 495px\"><\/a><div class=\"slide-content\"><header class=\"entry-content-header\" aria-label=\"Slide: Gemeinsam gegen Energiearmut: 10.000 Euro f\u00fcr \u201eEin Funken W\u00e4rme\u201c der Caritas Wien\"><h3 class='slide-entry-title entry-title '  itemprop=\"headline\" ><a href=\"https:\/\/www.maxenergy.at\/magazin\/gemeinsam-gegen-energiearmut\/\" title=\"Gemeinsam gegen Energiearmut: 10.000 Euro f\u00fcr \u201eEin Funken W\u00e4rme\u201c der Caritas Wien\">Gemeinsam gegen Energiearmut: 10.000 Euro f\u00fcr \u201eEin Funken W\u00e4rme\u201c der Caritas Wien<\/a><\/h3><span class=\"av-vertical-delimiter\"><\/span><\/header><div class=\"slide-meta\"><time class='slide-meta-time updated'  itemprop=\"datePublished\" datetime=\"2025-12-21T07:00:55+01:00\" >21. Dezember 2025<\/time><div class=\"slide-meta-del\">\/<\/div><div class=\"slide-meta-comments\"><a href=\"https:\/\/www.maxenergy.at\/magazin\/gemeinsam-gegen-energiearmut\/#respond\">0 Kommentare<\/a><\/div><\/div><div class='slide-entry-excerpt entry-content'  itemprop=\"text\" ><div class=\"read-more-link\"><a href=\"https:\/\/www.maxenergy.at\/magazin\/gemeinsam-gegen-energiearmut\/\" class=\"more-link\">Weiterlesen<span class='more-link-arrow avia-svg-icon avia-font-svg_entypo-fontello' data-av_svg_icon='right-open-big' data-av_iconset='svg_entypo-fontello'><svg version=\"1.1\" xmlns=\"http:\/\/www.w3.org\/2000\/svg\" width=\"15\" height=\"32\" viewBox=\"0 0 15 32\" preserveAspectRatio=\"xMidYMid meet\" role=\"graphics-symbol\" aria-hidden=\"true\">\n<path d=\"M0.416 27.84l11.456-11.84-11.456-11.904q-0.832-0.832 0-1.536 0.832-0.832 1.536 0l12.544 12.608q0.768 0.832 0 1.6l-12.544 12.608q-0.704 0.832-1.536 0-0.832-0.704 0-1.536z\"><\/path>\n<\/svg><\/span><\/a><\/div><\/div><\/div><footer class=\"entry-footer\"><\/footer><span class='hidden'>\n\t\t\t\t<span class='av-structured-data'  itemprop=\"image\" itemscope=\"itemscope\" itemtype=\"https:\/\/schema.org\/ImageObject\" >\n\t\t\t\t\t\t<span itemprop='url'>https:\/\/www.maxenergy.at\/magazin\/wp-content\/uploads\/2025\/12\/caritas-1.png<\/span>\n\t\t\t\t\t\t<span itemprop='height'>1333<\/span>\n\t\t\t\t\t\t<span itemprop='width'>2000<\/span>\n\t\t\t\t<\/span>\n\t\t\t\t<span class='av-structured-data'  itemprop=\"publisher\" itemtype=\"https:\/\/schema.org\/Organization\" itemscope=\"itemscope\" >\n\t\t\t\t\t\t<span itemprop='name'>Antonia Weimann<\/span>\n\t\t\t\t\t\t<span itemprop='logo' itemscope itemtype='https:\/\/schema.org\/ImageObject'>\n\t\t\t\t\t\t\t<span itemprop='url'>https:\/\/www.maxenergy.at\/magazin\/wp-content\/uploads\/2024\/04\/MaxEnergy_Logo_Weiss_Clean.svg<\/span>\n\t\t\t\t\t\t<\/span>\n\t\t\t\t<\/span><span class='av-structured-data'  itemprop=\"author\" itemscope=\"itemscope\" itemtype=\"https:\/\/schema.org\/Person\" ><span itemprop='name'>Antonia Weimann<\/span><\/span><span class='av-structured-data'  itemprop=\"datePublished\" datetime=\"2023-05-08T13:35:58+02:00\" >2025-12-21 07:00:55<\/span><span class='av-structured-data'  itemprop=\"dateModified\" itemtype=\"https:\/\/schema.org\/dateModified\" >2026-03-16 13:23:00<\/span><span class='av-structured-data'  itemprop=\"mainEntityOfPage\" itemtype=\"https:\/\/schema.org\/mainEntityOfPage\" ><span itemprop='name'>Gemeinsam gegen Energiearmut: 10.000 Euro f\u00fcr \u201eEin Funken W\u00e4rme\u201c der Caritas Wien<\/span><\/span><\/span><\/article><article class='slide-entry flex_column  post-entry post-entry-3436 slide-entry-overview slide-loop-3 slide-parity-odd  post-entry-last  av_one_third  real-thumbnail posttype-post post-format-standard'  itemscope=\"itemscope\" itemtype=\"https:\/\/schema.org\/BlogPosting\" itemprop=\"blogPost\" ><a href=\"https:\/\/www.maxenergy.at\/magazin\/netzentgelte-2026-was-sich-aendert\/\" data-rel=\"slide-1\" class=\"slide-image\" title=\"Netzentgelte 2026: Was sich \u00e4ndert \u2013 und wie Du davon profitierst\"><img decoding=\"async\" loading=\"lazy\" width=\"495\" height=\"400\" src=\"https:\/\/www.maxenergy.at\/magazin\/wp-content\/uploads\/2025\/11\/kyrie-kim-jqxB3C0YNG0-unsplash-495x400.jpg\" class=\"wp-image-3438 avia-img-lazy-loading-3438 attachment-portfolio size-portfolio wp-post-image\" alt=\"Kalender\" srcset=\"https:\/\/www.maxenergy.at\/magazin\/wp-content\/uploads\/2025\/11\/kyrie-kim-jqxB3C0YNG0-unsplash-495x400.jpg 495w, https:\/\/www.maxenergy.at\/magazin\/wp-content\/uploads\/2025\/11\/kyrie-kim-jqxB3C0YNG0-unsplash-845x684.jpg 845w\" sizes=\"auto, (max-width: 495px) 100vw, 495px\" \/><\/a><div class=\"slide-content\"><header class=\"entry-content-header\" aria-label=\"Slide: Netzentgelte 2026: Was sich \u00e4ndert \u2013 und wie Du davon profitierst\"><h3 class='slide-entry-title entry-title '  itemprop=\"headline\" ><a href=\"https:\/\/www.maxenergy.at\/magazin\/netzentgelte-2026-was-sich-aendert\/\" title=\"Netzentgelte 2026: Was sich \u00e4ndert \u2013 und wie Du davon profitierst\">Netzentgelte 2026: Was sich \u00e4ndert \u2013 und wie Du davon profitierst<\/a><\/h3><span class=\"av-vertical-delimiter\"><\/span><\/header><div class=\"slide-meta\"><time class='slide-meta-time updated'  itemprop=\"datePublished\" datetime=\"2025-12-08T15:09:02+01:00\" >8. Dezember 2025<\/time><div class=\"slide-meta-del\">\/<\/div><div class=\"slide-meta-comments\"><a href=\"https:\/\/www.maxenergy.at\/magazin\/netzentgelte-2026-was-sich-aendert\/#respond\">0 Kommentare<\/a><\/div><\/div><div class='slide-entry-excerpt entry-content'  itemprop=\"text\" ><div class=\"read-more-link\"><a href=\"https:\/\/www.maxenergy.at\/magazin\/netzentgelte-2026-was-sich-aendert\/\" class=\"more-link\">Weiterlesen<span class='more-link-arrow avia-svg-icon avia-font-svg_entypo-fontello' data-av_svg_icon='right-open-big' data-av_iconset='svg_entypo-fontello'><svg version=\"1.1\" xmlns=\"http:\/\/www.w3.org\/2000\/svg\" width=\"15\" height=\"32\" viewBox=\"0 0 15 32\" preserveAspectRatio=\"xMidYMid meet\" role=\"graphics-symbol\" aria-hidden=\"true\">\n<path d=\"M0.416 27.84l11.456-11.84-11.456-11.904q-0.832-0.832 0-1.536 0.832-0.832 1.536 0l12.544 12.608q0.768 0.832 0 1.6l-12.544 12.608q-0.704 0.832-1.536 0-0.832-0.704 0-1.536z\"><\/path>\n<\/svg><\/span><\/a><\/div><\/div><\/div><footer class=\"entry-footer\"><\/footer><span class='hidden'>\n\t\t\t\t<span class='av-structured-data'  itemprop=\"image\" itemscope=\"itemscope\" itemtype=\"https:\/\/schema.org\/ImageObject\" >\n\t\t\t\t\t\t<span itemprop='url'>https:\/\/www.maxenergy.at\/magazin\/wp-content\/uploads\/2025\/11\/kyrie-kim-jqxB3C0YNG0-unsplash.jpg<\/span>\n\t\t\t\t\t\t<span itemprop='height'>3264<\/span>\n\t\t\t\t\t\t<span itemprop='width'>4896<\/span>\n\t\t\t\t<\/span>\n\t\t\t\t<span class='av-structured-data'  itemprop=\"publisher\" itemtype=\"https:\/\/schema.org\/Organization\" itemscope=\"itemscope\" >\n\t\t\t\t\t\t<span itemprop='name'>Antonia Weimann<\/span>\n\t\t\t\t\t\t<span itemprop='logo' itemscope itemtype='https:\/\/schema.org\/ImageObject'>\n\t\t\t\t\t\t\t<span itemprop='url'>https:\/\/www.maxenergy.at\/magazin\/wp-content\/uploads\/2024\/04\/MaxEnergy_Logo_Weiss_Clean.svg<\/span>\n\t\t\t\t\t\t<\/span>\n\t\t\t\t<\/span><span class='av-structured-data'  itemprop=\"author\" itemscope=\"itemscope\" itemtype=\"https:\/\/schema.org\/Person\" ><span itemprop='name'>Antonia Weimann<\/span><\/span><span class='av-structured-data'  itemprop=\"datePublished\" datetime=\"2023-05-08T13:35:58+02:00\" >2025-12-08 15:09:02<\/span><span class='av-structured-data'  itemprop=\"dateModified\" itemtype=\"https:\/\/schema.org\/dateModified\" >2026-02-27 12:37:19<\/span><span class='av-structured-data'  itemprop=\"mainEntityOfPage\" itemtype=\"https:\/\/schema.org\/mainEntityOfPage\" ><span itemprop='name'>Netzentgelte 2026: Was sich \u00e4ndert \u2013 und wie Du davon profitierst<\/span><\/span><\/span><\/article><\/div><\/div><\/div><\/p><\/div>\n","protected":false},"excerpt":{"rendered":"<p>Jetzt sind mehr Personen f\u00fcr den Stromkostenzuschuss berechtigt! Alles was Du jetzt wissen musst.<\/p>\n","protected":false},"author":3,"featured_media":2841,"comment_status":"open","ping_status":"open","sticky":false,"template":"","format":"standard","meta":{"footnotes":""},"categories":[33],"tags":[225,60,53,226,183,31,223,224,117],"class_list":["post-2539","post","type-post","status-publish","format-standard","has-post-thumbnail","hentry","category-news","tag-bundesregierung","tag-energie","tag-energiesparen","tag-foerderung","tag-news","tag-strom","tag-stromkostenbremse","tag-stromkostenzuschuss","tag-zuschuss"],"_links":{"self":[{"href":"https:\/\/www.maxenergy.at\/magazin\/wp-json\/wp\/v2\/posts\/2539","targetHints":{"allow":["GET"]}}],"collection":[{"href":"https:\/\/www.maxenergy.at\/magazin\/wp-json\/wp\/v2\/posts"}],"about":[{"href":"https:\/\/www.maxenergy.at\/magazin\/wp-json\/wp\/v2\/types\/post"}],"author":[{"embeddable":true,"href":"https:\/\/www.maxenergy.at\/magazin\/wp-json\/wp\/v2\/users\/3"}],"replies":[{"embeddable":true,"href":"https:\/\/www.maxenergy.at\/magazin\/wp-json\/wp\/v2\/comments?post=2539"}],"version-history":[{"count":11,"href":"https:\/\/www.maxenergy.at\/magazin\/wp-json\/wp\/v2\/posts\/2539\/revisions"}],"predecessor-version":[{"id":2876,"href":"https:\/\/www.maxenergy.at\/magazin\/wp-json\/wp\/v2\/posts\/2539\/revisions\/2876"}],"wp:featuredmedia":[{"embeddable":true,"href":"https:\/\/www.maxenergy.at\/magazin\/wp-json\/wp\/v2\/media\/2841"}],"wp:attachment":[{"href":"https:\/\/www.maxenergy.at\/magazin\/wp-json\/wp\/v2\/media?parent=2539"}],"wp:term":[{"taxonomy":"category","embeddable":true,"href":"https:\/\/www.maxenergy.at\/magazin\/wp-json\/wp\/v2\/categories?post=2539"},{"taxonomy":"post_tag","embeddable":true,"href":"https:\/\/www.maxenergy.at\/magazin\/wp-json\/wp\/v2\/tags?post=2539"}],"curies":[{"name":"wp","href":"https:\/\/api.w.org\/{rel}","templated":true}]}}