{"id":2391,"date":"2023-05-31T14:09:55","date_gmt":"2023-05-31T12:09:55","guid":{"rendered":"https:\/\/www.maxenergy.at\/magazin\/?p=2391"},"modified":"2024-03-18T10:58:44","modified_gmt":"2024-03-18T09:58:44","slug":"faq-energieversorgungskrise","status":"publish","type":"post","link":"https:\/\/www.maxenergy.at\/magazin\/faq-energieversorgungskrise\/","title":{"rendered":"FAQ Energieversorgungskrise. Alle Antworten zu Deinen Fragen."},"content":{"rendered":"\n<style type=\"text\/css\" data-created_by=\"avia_inline_auto\" id=\"style-css-av-1cdmy9c-292c231051f49cbd8efe9141aba27de0\">\n.avia-section.av-1cdmy9c-292c231051f49cbd8efe9141aba27de0{\nbackground-color:rgba(0,0,0,0.5);\nbackground-image:url(https:\/\/www.maxenergy.at\/magazin\/wp-content\/uploads\/2023\/03\/header_FAQ_Von-StockPhotoPro-1030x508.jpg);\nbackground-repeat:no-repeat;\nbackground-position:50% 100%;\nbackground-attachment:fixed;\n}\n<\/style>\n<div id='av_section_1'  class='avia-section av-1cdmy9c-292c231051f49cbd8efe9141aba27de0 main_color avia-section-default avia-no-border-styling  avia-builder-el-0  el_before_av_textblock  avia-builder-el-first  Background-Container__Article avia-full-stretch avia-bg-style-fixed av-minimum-height av-minimum-height-50 av-height-50  container_wrap sidebar_left'  data-section-bg-repeat='stretch' data-av_minimum_height_pc='50' data-av_min_height_opt='50'><div class='container av-section-cont-open' ><main  role=\"main\" itemprop=\"mainContentOfPage\"  class='template-page content  av-content-small units'><div class='post-entry post-entry-type-page post-entry-2391'><div class='entry-content-wrapper clearfix'>\n<div  class='flex_column av-1bcx5ds-2712ea7d6a5fb047aca5cb7c0df35898 av_one_fifth  avia-builder-el-1  el_before_av_three_fifth  avia-builder-el-first  first flex_column_div  '     ><\/div><div  class='flex_column av-19gzsz4-42e1103a11f151a00e03d80629307464 av_three_fifth  avia-builder-el-2  el_after_av_one_fifth  el_before_av_one_fifth  flex_column_div  '     ><style type=\"text\/css\" data-created_by=\"avia_inline_auto\" id=\"style-css-av-18aptb4-07a39a5aec1c59992a100d3463e1f0be\">\n#top .av_textblock_section.av-18aptb4-07a39a5aec1c59992a100d3463e1f0be .avia_textblock{\nfont-size:40px;\ncolor:#ffffff;\n}\n<\/style>\n<section  class='av_textblock_section av-18aptb4-07a39a5aec1c59992a100d3463e1f0be '   itemscope=\"itemscope\" itemtype=\"https:\/\/schema.org\/BlogPosting\" itemprop=\"blogPost\" ><div class='avia_textblock av_inherit_color'  itemprop=\"text\" ><p style=\"text-align: center;\">STROM &#038; GAS<\/p>\n<\/div><\/section><br \/>\n\n<style type=\"text\/css\" data-created_by=\"avia_inline_auto\" id=\"style-css-av-16uiizk-034f5d8ca537a92df3b970959eed8111\">\n#top .hr.av-16uiizk-034f5d8ca537a92df3b970959eed8111{\nmargin-top:30px;\nmargin-bottom:30px;\n}\n.hr.av-16uiizk-034f5d8ca537a92df3b970959eed8111 .hr-inner{\nwidth:50px;\nborder-color:#ffffff;\n}\n<\/style>\n<div  class='hr av-16uiizk-034f5d8ca537a92df3b970959eed8111 hr-custom  avia-builder-el-4  el_after_av_textblock  avia-builder-el-last  hr-center hr-icon-no'><span class='hr-inner inner-border-av-border-fat'><span class=\"hr-inner-style\"><\/span><\/span><\/div><\/p><\/div><div  class='flex_column av-13yqgj4-1d3d2cfb74dbabf83e863f8bd5965953 av_one_fifth  avia-builder-el-5  el_after_av_three_fifth  avia-builder-el-last  flex_column_div  '     ><\/div>\n<\/div><\/div><\/main><!-- close content main element --><\/div><\/div><div id='after_section_1'  class='main_color av_default_container_wrap container_wrap sidebar_left'  ><div class='container av-section-cont-open' ><div class='template-page content  av-content-small units'><div class='post-entry post-entry-type-page post-entry-2391'><div class='entry-content-wrapper clearfix'>\n<section  class='av_textblock_section av-ldcwwrqa-476de4826b1cb1999183afc8197d30f0 '   itemscope=\"itemscope\" itemtype=\"https:\/\/schema.org\/BlogPosting\" itemprop=\"blogPost\" ><div class='avia_textblock'  itemprop=\"text\" ><div id=\"author_pic\"><a href=\"https:\/\/www.maxenergy.at\/magazin\/author\/patricia\/\" rel=\"author\"><\/a><\/div>\n<h1>Energieversorgungskrise:<\/h1>\n<h1>Alles was Du jetzt wissen musst<\/h1>\n<\/div><\/section>\n<div  class='av-post-metadata-container av-12koz4w-7a5e7761d8464931974b4d438e317045 av-metadata-container-align-left  avia-builder-el-7  el_after_av_textblock  el_before_av_textblock  av-metadata-container-1'><div class='av-post-metadata-container-inner'><span class=\"av-post-metadata-content av-post-metadata-meta-content\"><span class=\"av-post-metadata-content av-post-metadata-author\"  itemprop=\"author\" ><span class=\"av-post-metadata-author-link\" ><a href=\"https:\/\/www.maxenergy.at\/magazin\/author\/patricia\/\"  rel=\"author\">Patricia Strixner<\/a><\/span><\/span><span class=\"av-post-metadata-content av-post-metadata-separator\">\/<\/span><span class=\"av-post-metadata-content av-post-metadata-published\"><span class=\"av-post-metadata-published-date\" >31. Mai 2023<\/span><\/span><span class=\"av-post-metadata-content av-post-metadata-separator\">\/<\/span><span class=\"av-post-metadata-content av-post-metadata-category\"><span class=\"av-metadata-before av-metadata-before-categories\">in<\/span><span class=\"av-post-metadata-category-link\" ><a href=\"https:\/\/www.maxenergy.at\/magazin\/category\/news\/\" >News<\/a><\/span>, <span class=\"av-post-metadata-category-link\" ><a href=\"https:\/\/www.maxenergy.at\/magazin\/category\/strom-und-gas\/\" >Strom &amp; Gas<\/a><\/span><\/span><\/span><\/div><\/div>\n<section  class='av_textblock_section av-w1or8g-648549d9699fb4955dc4d69c43afefce '   itemscope=\"itemscope\" itemtype=\"https:\/\/schema.org\/BlogPosting\" itemprop=\"blogPost\" ><div class='avia_textblock'  itemprop=\"text\" ><p>Die Preise f\u00fcr Energie haben sich in den zur\u00fcckliegenden Monaten vervielfacht &#8211; und das trifft jeden Einzelnen von uns.<\/p>\n<p>Was die Gr\u00fcnde f\u00fcr die Energieversorgungskrise sind, wie sie sich zuletzt entwickelt haben und was das f\u00fcr Dich bedeutet, erf\u00e4hrst Du in diesem Artikel.<\/p>\n<\/div><\/section>\n\n<style type=\"text\/css\" data-created_by=\"avia_inline_auto\" id=\"style-css-av-lf9iufzh-9434b4c13f8c2e3969d979dd756ea64f\">\n#top .togglecontainer.av-lf9iufzh-9434b4c13f8c2e3969d979dd756ea64f p.toggler{\nbackground-color:#ffffff;\n}\n#top .togglecontainer.av-lf9iufzh-9434b4c13f8c2e3969d979dd756ea64f .toggle_wrap .toggle_content{\nbackground-color:#ffffff;\n}\n<\/style>\n<div  class='togglecontainer av-lf9iufzh-9434b4c13f8c2e3969d979dd756ea64f av-minimal-toggle  avia-builder-el-9  el_after_av_textblock  el_before_av_promobox '  itemscope=\"itemscope\" itemtype=\"https:\/\/schema.org\/FAQPage\" >\n<section class='av_toggle_section av-lf9is6tu-4f962f34c57a4e319c0fde3a6054f24e'  itemscope=\"itemscope\" itemprop=\"mainEntity\" itemtype=\"https:\/\/schema.org\/Question\" ><div role=\"tablist\" class=\"single_toggle\" data-tags=\"{Alle} \"  ><p id='toggle-toggle-id-1' data-fake-id='#toggle-id-1' class='toggler  activeTitle av-title-above '  itemprop=\"name\"  role='tab' tabindex='0' aria-controls='toggle-id-1' data-slide-speed=\"200\" data-title=\"WIESO SIND DIE PREISE F\u00dcR STROM UND GAS SO GESTIEGEN?\" data-title-open=\"\" data-aria_collapsed=\"Click to expand: WIESO SIND DIE PREISE F\u00dcR STROM UND GAS SO GESTIEGEN?\" data-aria_expanded=\"Click to collapse: WIESO SIND DIE PREISE F\u00dcR STROM UND GAS SO GESTIEGEN?\">WIESO SIND DIE PREISE F\u00dcR STROM UND GAS SO GESTIEGEN?<span class=\"toggle_icon\"><span class=\"vert_icon\"><\/span><span class=\"hor_icon\"><\/span><\/span><\/p><div id='toggle-id-1' aria-labelledby='toggle-toggle-id-1' role='region' class='toggle_wrap  active_tc av-title-above' style='display:block;'  itemscope=\"itemscope\" itemprop=\"acceptedAnswer\" itemtype=\"https:\/\/schema.org\/Answer\" ><div class='toggle_content invers-color '  itemprop=\"text\" ><p>Mehrere Faktoren sorgten f\u00fcr den hohen Anstieg der Strom- und Gaspreise:<\/p>\n<ul>\n<li><strong>Einsatz erneuerbarer Energien:\u00a0<\/strong>Um \u00d6sterreichs Klimaziel zu erreichen, bis 2040 klimaneutral zu werden, m\u00fcssen langfristig immer mehr erneuerbare Energien eingesetzt werden, welche aber den Bedarf nicht decken.<\/li>\n<li><strong>Enorme Nachfrage:<\/strong> Nach der Corona-Pandemie war die Wirtschaft wieder im Aufschwung und der Bedarf nach Rohstoffen und Energie nahm wieder stark zu. Da die erneuerbaren Energien aber nicht f\u00fcr den Bedarf an Strom ausreichen, m\u00fcssen auch Kraftwerke mit fossilen Energiequellen wieder zum Einsatz kommen \u2013 welche teurer sind.<\/li>\n<li><strong>Die <a href=\"https:\/\/www.maxenergy.de\/magazin\/warum-steigt-der-strompreis-wenn-der-gaspreis-steigt\/\" rel=\"nofollow noopener\" target=\"_blank\"><u>Merit-Order-Logik<\/u><\/a> bestimmt den Preis:\u00a0<\/strong>Der Haken ist: Der Preis am Energiemarkt entsteht nach der Merit-Order-Logik. Das bedeutet, dass das teuerste Kraftwerk \u2013 in diesem Fall das der fossilen Energiequellen \u2013 den Gesamtpreis f\u00fcr Energie am Markt vorgibt, weshalb der Preis allgemein steigt.<\/li>\n<li><strong>Der Russland-Ukraine-Krieg<\/strong> bedeutet f\u00fcr viele europ\u00e4ische L\u00e4nder Versorgungsschwierigkeiten. Obwohl \u00d6sterreich seit dem Fr\u00fchjahr 2022 keine Treibstoffe und Roh\u00f6l mehr von Russland direkt bezieht, sind die L\u00e4nder, aus welchen die Treibstoffe bezogen werden, trotzdem abh\u00e4ngig und \u00d6sterreich damit indirekt auch betroffen.<\/li>\n<\/ul>\n<\/div><\/div><\/div><\/section>\n<section class='av_toggle_section av-lf9it5pn-b8edaad3a20d57eaa932d34e8c64ab66'  itemscope=\"itemscope\" itemprop=\"mainEntity\" itemtype=\"https:\/\/schema.org\/Question\" ><div role=\"tablist\" class=\"single_toggle\" data-tags=\"{Alle} \"  ><p id='toggle-toggle-id-2' data-fake-id='#toggle-id-2' class='toggler  av-title-above '  itemprop=\"name\"  role='tab' tabindex='0' aria-controls='toggle-id-2' data-slide-speed=\"200\" data-title=\"WIE HABEN SICH DIE PREISE ZULETZT ENTWICKELT?\" data-title-open=\"\" data-aria_collapsed=\"Click to expand: WIE HABEN SICH DIE PREISE ZULETZT ENTWICKELT?\" data-aria_expanded=\"Click to collapse: WIE HABEN SICH DIE PREISE ZULETZT ENTWICKELT?\">WIE HABEN SICH DIE PREISE ZULETZT ENTWICKELT?<span class=\"toggle_icon\"><span class=\"vert_icon\"><\/span><span class=\"hor_icon\"><\/span><\/span><\/p><div id='toggle-id-2' aria-labelledby='toggle-toggle-id-2' role='region' class='toggle_wrap  av-title-above'   itemscope=\"itemscope\" itemprop=\"acceptedAnswer\" itemtype=\"https:\/\/schema.org\/Answer\" ><div class='toggle_content invers-color '  itemprop=\"text\" ><ul>\n<li><strong>Der Gro\u00dfmarktpreise sind seit September 2022 gefallen.<\/strong>\u00a0Gr\u00fcnde daf\u00fcr sind milde Wetterverh\u00e4ltnisse und gef\u00fcllte Speicher. Im Vergleich zum Preis vor der Krise ist er aber immer noch sehr hoch. Ein erneuter Anstieg in 2023 ist nicht auszuschlie\u00dfen, da konkrete Prognosen sehr schwierig sind.<\/li>\n<li>\u00dcber die\u00a0<strong>Strompreisbremse<\/strong>\u00a0subventioniert der Staat seit Dezember \u2013 und bis Juni 2024 \u2013 Haushalten bis zu einem \u00fcblichen Jahresverbrauch den Strom mit bis zu 40 Cent pro kWh.<\/li>\n<li><strong>Anhand von Preiserwartungsdiagnosen<\/strong> wird f\u00fcr den Markt ein weiterhin hohes Preisniveau erwartet, wobei die Winterquartale teurer als die Sommerquartale eingesch\u00e4tzt werden. Diagnosen sind aber schwer seri\u00f6s zu stellen, da die Situation des Krieges und die Abh\u00e4ngigkeit von Entscheidungen anderer L\u00e4nder einen gro\u00dfen Einfluss haben.<\/li>\n<\/ul>\n<\/div><\/div><\/div><\/section>\n<section class='av_toggle_section av-lf9itp1e-2ac14685db18582d52ef1e7b7ed7538f'  itemscope=\"itemscope\" itemprop=\"mainEntity\" itemtype=\"https:\/\/schema.org\/Question\" ><div role=\"tablist\" class=\"single_toggle\" data-tags=\"{Alle} \"  ><p id='toggle-toggle-id-3' data-fake-id='#toggle-id-3' class='toggler  av-title-above '  itemprop=\"name\"  role='tab' tabindex='0' aria-controls='toggle-id-3' data-slide-speed=\"200\" data-title=\"WAS BEDEUTET DIE ENTWICKLUNG DER ENERGIEVERSORGUNGSKRISE F\u00dcR MICH PERS\u00d6NLICH?\" data-title-open=\"\" data-aria_collapsed=\"Click to expand: WAS BEDEUTET DIE ENTWICKLUNG DER ENERGIEVERSORGUNGSKRISE F\u00dcR MICH PERS\u00d6NLICH?\" data-aria_expanded=\"Click to collapse: WAS BEDEUTET DIE ENTWICKLUNG DER ENERGIEVERSORGUNGSKRISE F\u00dcR MICH PERS\u00d6NLICH?\">WAS BEDEUTET DIE ENTWICKLUNG DER ENERGIEVERSORGUNGSKRISE F\u00dcR MICH PERS\u00d6NLICH?<span class=\"toggle_icon\"><span class=\"vert_icon\"><\/span><span class=\"hor_icon\"><\/span><\/span><\/p><div id='toggle-id-3' aria-labelledby='toggle-toggle-id-3' role='region' class='toggle_wrap  av-title-above'   itemscope=\"itemscope\" itemprop=\"acceptedAnswer\" itemtype=\"https:\/\/schema.org\/Answer\" ><div class='toggle_content invers-color '  itemprop=\"text\" ><ul>\n<li><strong>Weiterhin den Markt beobachten.\u00a0<\/strong>Zuk\u00fcnftige Schwankungen sind nicht vorherzusehen. M\u00f6chte man also zum Beispiel den richtigen Moment f\u00fcr einen Wechsel abpassen, sollte man die Preise weiterhin beobachten.<\/li>\n<li><strong>Die sinkenden Gro\u00dfmarktpreise<\/strong> werden auch bei Verbraucher:innen zeitversetzt ankommen \u2013 wann ist jedoch noch nicht zu sagen.<\/li>\n<li><strong>Bewusst Strom und Gas sparen.<\/strong>\u00a0Mit ein paar Tricks kann man die Belastung durch die hohen Preise gering halten. Schau doch zum Beispiel mal in unseren Artikel\u00a0<a href=\"https:\/\/www.maxenergy.at\/magazin\/energiesparen-im-fruehling\/\"><u>Energiesparen im Fr\u00fchling<\/u><\/a>.<\/li>\n<\/ul>\n<\/div><\/div><\/div><\/section>\n<\/div>\n<div  class='av_promobox av-untpbk-db65df3cb9681d4ead41b51927bc99a7 avia-button-yes  avia-builder-el-10  el_after_av_toggle_container  el_before_av_one_full  promo-box__wrapper'><div class='avia-promocontent'><p>\nDie Strompreisbremse entlastet Neukunden. Ein Anbieterwechsel k\u00f6nnte sich eventuell lohnen. \u00dcber unseren Tarifrechner erstellen wir Dir ein individuelles Angebot.<\/p>\n<\/div><div  class='avia-button-wrap av-untpbk-ef8a6d2dffee4edc3b2894992ad2c286-wrap avia-button-right  promo-box__wrapper'><a href=\"https:\/\/www.maxenergy.at\/?utm_campaign=MAXMagazin\" class=\"avia-button av-untpbk-ef8a6d2dffee4edc3b2894992ad2c286 av-link-btn avia-icon_select-no avia-size-large avia-position-right avia-color-grey\" target=\"_blank\" rel=\"noopener noreferrer\" aria-label=\"Jetzt Tarif berechnen\"><span class='avia_iconbox_title' >Jetzt Tarif berechnen<\/span><\/a><\/div><\/div>\n<div  class='flex_column av-6xk3ow-b3b0c51a2cf07243bd23aaf52666d853 av_one_full  avia-builder-el-11  el_after_av_promobox  avia-builder-el-last  first flex_column_div  '     ><p>\n<style type=\"text\/css\" data-created_by=\"avia_inline_auto\" id=\"style-css-av-5bqp4w-e39fa3f8bbe87058659e8dcc0c9048bd\">\n#top .hr.hr-invisible.av-5bqp4w-e39fa3f8bbe87058659e8dcc0c9048bd{\nheight:30px;\n}\n<\/style>\n<div  class='hr av-5bqp4w-e39fa3f8bbe87058659e8dcc0c9048bd hr-invisible  avia-builder-el-12  el_before_av_textblock  avia-builder-el-first '><span class='hr-inner '><span class=\"hr-inner-style\"><\/span><\/span><\/div><br \/>\n<section  class='av_textblock_section av-3tojeo-2bcf94fee7c211f0db0c5b9734d56f8a '   itemscope=\"itemscope\" itemtype=\"https:\/\/schema.org\/BlogPosting\" itemprop=\"blogPost\" ><div class='avia_textblock'  itemprop=\"text\" ><h2>Das k\u00f6nnte Dich auch interessieren:<\/h2>\n<\/div><\/section><br \/>\n<div  data-slideshow-options=\"{&quot;animation&quot;:&quot;fade&quot;,&quot;autoplay&quot;:false,&quot;loop_autoplay&quot;:&quot;once&quot;,&quot;interval&quot;:&quot;5&quot;,&quot;loop_manual&quot;:&quot;manual-endless&quot;,&quot;autoplay_stopper&quot;:false,&quot;noNavigation&quot;:false,&quot;show_slide_delay&quot;:90}\" class='avia-content-slider avia-content-slider-active avia-content-slider1 avia-content-slider-odd  avia-builder-el-14  el_after_av_textblock  avia-builder-el-last  av-slideshow-ui av-control-default   av-no-slider-navigation av-slideshow-manual av-loop-once av-loop-manual-endless '  itemscope=\"itemscope\" itemtype=\"https:\/\/schema.org\/Blog\" ><div class=\"avia-content-slider-inner\"><div class=\"slide-entry-wrap\"><article class='slide-entry flex_column  post-entry post-entry-3506 slide-entry-overview slide-loop-1 slide-parity-odd  av_one_third first real-thumbnail posttype-post post-format-standard'  itemscope=\"itemscope\" itemtype=\"https:\/\/schema.org\/BlogPosting\" itemprop=\"blogPost\" ><a href=\"https:\/\/www.maxenergy.at\/magazin\/vogelschutz-in-der-brutzeit\/\" data-rel=\"slide-1\" class=\"slide-image\" title=\"Vogelschutz in der Brutzeit: Was Du im Garten beachten solltest\"><img decoding=\"async\" loading=\"lazy\" width=\"495\" height=\"400\" src=\"https:\/\/www.maxenergy.at\/magazin\/wp-content\/uploads\/2026\/03\/Image-7-e1773755477175-495x400.jpg\" class=\"wp-image-3507 avia-img-lazy-loading-3507 attachment-portfolio size-portfolio wp-post-image\" alt=\"Vogel Kr\u00e4he mit Nuss im Schnabel\" \/><\/a><div class=\"slide-content\"><header class=\"entry-content-header\" aria-label=\"Slide: Vogelschutz in der Brutzeit: Was Du im Garten beachten solltest\"><h3 class='slide-entry-title entry-title '  itemprop=\"headline\" ><a href=\"https:\/\/www.maxenergy.at\/magazin\/vogelschutz-in-der-brutzeit\/\" title=\"Vogelschutz in der Brutzeit: Was Du im Garten beachten solltest\">Vogelschutz in der Brutzeit: Was Du im Garten beachten solltest<\/a><\/h3><span class=\"av-vertical-delimiter\"><\/span><\/header><div class=\"slide-meta\"><time class='slide-meta-time updated'  itemprop=\"datePublished\" datetime=\"2026-04-28T08:43:33+02:00\" >28. April 2026<\/time><div class=\"slide-meta-del\">\/<\/div><div class=\"slide-meta-comments\"><a href=\"https:\/\/www.maxenergy.at\/magazin\/vogelschutz-in-der-brutzeit\/#respond\">0 Kommentare<\/a><\/div><\/div><div class='slide-entry-excerpt entry-content'  itemprop=\"text\" ><div class=\"read-more-link\"><a href=\"https:\/\/www.maxenergy.at\/magazin\/vogelschutz-in-der-brutzeit\/\" class=\"more-link\">Weiterlesen<span class='more-link-arrow avia-svg-icon avia-font-svg_entypo-fontello' data-av_svg_icon='right-open-big' data-av_iconset='svg_entypo-fontello'><svg version=\"1.1\" xmlns=\"http:\/\/www.w3.org\/2000\/svg\" width=\"15\" height=\"32\" viewBox=\"0 0 15 32\" preserveAspectRatio=\"xMidYMid meet\" role=\"graphics-symbol\" aria-hidden=\"true\">\n<path d=\"M0.416 27.84l11.456-11.84-11.456-11.904q-0.832-0.832 0-1.536 0.832-0.832 1.536 0l12.544 12.608q0.768 0.832 0 1.6l-12.544 12.608q-0.704 0.832-1.536 0-0.832-0.704 0-1.536z\"><\/path>\n<\/svg><\/span><\/a><\/div><\/div><\/div><footer class=\"entry-footer\"><\/footer><span class='hidden'>\n\t\t\t\t<span class='av-structured-data'  itemprop=\"image\" itemscope=\"itemscope\" itemtype=\"https:\/\/schema.org\/ImageObject\" >\n\t\t\t\t\t\t<span itemprop='url'>https:\/\/www.maxenergy.at\/magazin\/wp-content\/uploads\/2026\/03\/Image-7-e1773755477175.jpg<\/span>\n\t\t\t\t\t\t<span itemprop='height'>594<\/span>\n\t\t\t\t\t\t<span itemprop='width'>766<\/span>\n\t\t\t\t<\/span>\n\t\t\t\t<span class='av-structured-data'  itemprop=\"publisher\" itemtype=\"https:\/\/schema.org\/Organization\" itemscope=\"itemscope\" >\n\t\t\t\t\t\t<span itemprop='name'>Antonia Weimann<\/span>\n\t\t\t\t\t\t<span itemprop='logo' itemscope itemtype='https:\/\/schema.org\/ImageObject'>\n\t\t\t\t\t\t\t<span itemprop='url'>https:\/\/www.maxenergy.at\/magazin\/wp-content\/uploads\/2024\/04\/MaxEnergy_Logo_Weiss_Clean.svg<\/span>\n\t\t\t\t\t\t<\/span>\n\t\t\t\t<\/span><span class='av-structured-data'  itemprop=\"author\" itemscope=\"itemscope\" itemtype=\"https:\/\/schema.org\/Person\" ><span itemprop='name'>Antonia Weimann<\/span><\/span><span class='av-structured-data'  itemprop=\"datePublished\" datetime=\"2023-05-31T14:09:55+02:00\" >2026-04-28 08:43:33<\/span><span class='av-structured-data'  itemprop=\"dateModified\" itemtype=\"https:\/\/schema.org\/dateModified\" >2026-04-28 08:43:33<\/span><span class='av-structured-data'  itemprop=\"mainEntityOfPage\" itemtype=\"https:\/\/schema.org\/mainEntityOfPage\" ><span itemprop='name'>Vogelschutz in der Brutzeit: Was Du im Garten beachten solltest<\/span><\/span><\/span><\/article><article class='slide-entry flex_column  post-entry post-entry-3458 slide-entry-overview slide-loop-2 slide-parity-even  av_one_third  real-thumbnail posttype-post post-format-standard'  itemscope=\"itemscope\" itemtype=\"https:\/\/schema.org\/BlogPosting\" itemprop=\"blogPost\" ><a href=\"https:\/\/www.maxenergy.at\/magazin\/gemeinsam-gegen-energiearmut\/\" data-rel=\"slide-1\" class=\"slide-image\" title=\"Gemeinsam gegen Energiearmut: 10.000 Euro f\u00fcr \u201eEin Funken W\u00e4rme\u201c der Caritas Wien\"><img decoding=\"async\" loading=\"lazy\" width=\"495\" height=\"400\" src=\"https:\/\/www.maxenergy.at\/magazin\/wp-content\/uploads\/2025\/12\/caritas-1-495x400.png\" class=\"wp-image-3471 avia-img-lazy-loading-3471 attachment-portfolio size-portfolio wp-post-image\" alt=\"\" srcset=\"https:\/\/www.maxenergy.at\/magazin\/wp-content\/uploads\/2025\/12\/caritas-1-495x400.png 495w, https:\/\/www.maxenergy.at\/magazin\/wp-content\/uploads\/2025\/12\/caritas-1-845x684.png 845w\" sizes=\"auto, (max-width: 495px) 100vw, 495px\"><\/a><div class=\"slide-content\"><header class=\"entry-content-header\" aria-label=\"Slide: Gemeinsam gegen Energiearmut: 10.000 Euro f\u00fcr \u201eEin Funken W\u00e4rme\u201c der Caritas Wien\"><h3 class='slide-entry-title entry-title '  itemprop=\"headline\" ><a href=\"https:\/\/www.maxenergy.at\/magazin\/gemeinsam-gegen-energiearmut\/\" title=\"Gemeinsam gegen Energiearmut: 10.000 Euro f\u00fcr \u201eEin Funken W\u00e4rme\u201c der Caritas Wien\">Gemeinsam gegen Energiearmut: 10.000 Euro f\u00fcr \u201eEin Funken W\u00e4rme\u201c der Caritas Wien<\/a><\/h3><span class=\"av-vertical-delimiter\"><\/span><\/header><div class=\"slide-meta\"><time class='slide-meta-time updated'  itemprop=\"datePublished\" datetime=\"2025-12-21T07:00:55+01:00\" >21. Dezember 2025<\/time><div class=\"slide-meta-del\">\/<\/div><div class=\"slide-meta-comments\"><a href=\"https:\/\/www.maxenergy.at\/magazin\/gemeinsam-gegen-energiearmut\/#respond\">0 Kommentare<\/a><\/div><\/div><div class='slide-entry-excerpt entry-content'  itemprop=\"text\" ><div class=\"read-more-link\"><a href=\"https:\/\/www.maxenergy.at\/magazin\/gemeinsam-gegen-energiearmut\/\" class=\"more-link\">Weiterlesen<span class='more-link-arrow avia-svg-icon avia-font-svg_entypo-fontello' data-av_svg_icon='right-open-big' data-av_iconset='svg_entypo-fontello'><svg version=\"1.1\" xmlns=\"http:\/\/www.w3.org\/2000\/svg\" width=\"15\" height=\"32\" viewBox=\"0 0 15 32\" preserveAspectRatio=\"xMidYMid meet\" role=\"graphics-symbol\" aria-hidden=\"true\">\n<path d=\"M0.416 27.84l11.456-11.84-11.456-11.904q-0.832-0.832 0-1.536 0.832-0.832 1.536 0l12.544 12.608q0.768 0.832 0 1.6l-12.544 12.608q-0.704 0.832-1.536 0-0.832-0.704 0-1.536z\"><\/path>\n<\/svg><\/span><\/a><\/div><\/div><\/div><footer class=\"entry-footer\"><\/footer><span class='hidden'>\n\t\t\t\t<span class='av-structured-data'  itemprop=\"image\" itemscope=\"itemscope\" itemtype=\"https:\/\/schema.org\/ImageObject\" >\n\t\t\t\t\t\t<span itemprop='url'>https:\/\/www.maxenergy.at\/magazin\/wp-content\/uploads\/2025\/12\/caritas-1.png<\/span>\n\t\t\t\t\t\t<span itemprop='height'>1333<\/span>\n\t\t\t\t\t\t<span itemprop='width'>2000<\/span>\n\t\t\t\t<\/span>\n\t\t\t\t<span class='av-structured-data'  itemprop=\"publisher\" itemtype=\"https:\/\/schema.org\/Organization\" itemscope=\"itemscope\" >\n\t\t\t\t\t\t<span itemprop='name'>Antonia Weimann<\/span>\n\t\t\t\t\t\t<span itemprop='logo' itemscope itemtype='https:\/\/schema.org\/ImageObject'>\n\t\t\t\t\t\t\t<span itemprop='url'>https:\/\/www.maxenergy.at\/magazin\/wp-content\/uploads\/2024\/04\/MaxEnergy_Logo_Weiss_Clean.svg<\/span>\n\t\t\t\t\t\t<\/span>\n\t\t\t\t<\/span><span class='av-structured-data'  itemprop=\"author\" itemscope=\"itemscope\" itemtype=\"https:\/\/schema.org\/Person\" ><span itemprop='name'>Antonia Weimann<\/span><\/span><span class='av-structured-data'  itemprop=\"datePublished\" datetime=\"2023-05-31T14:09:55+02:00\" >2025-12-21 07:00:55<\/span><span class='av-structured-data'  itemprop=\"dateModified\" itemtype=\"https:\/\/schema.org\/dateModified\" >2026-03-16 13:23:00<\/span><span class='av-structured-data'  itemprop=\"mainEntityOfPage\" itemtype=\"https:\/\/schema.org\/mainEntityOfPage\" ><span itemprop='name'>Gemeinsam gegen Energiearmut: 10.000 Euro f\u00fcr \u201eEin Funken W\u00e4rme\u201c der Caritas Wien<\/span><\/span><\/span><\/article><article class='slide-entry flex_column  post-entry post-entry-3436 slide-entry-overview slide-loop-3 slide-parity-odd  post-entry-last  av_one_third  real-thumbnail posttype-post post-format-standard'  itemscope=\"itemscope\" itemtype=\"https:\/\/schema.org\/BlogPosting\" itemprop=\"blogPost\" ><a href=\"https:\/\/www.maxenergy.at\/magazin\/netzentgelte-2026-was-sich-aendert\/\" data-rel=\"slide-1\" class=\"slide-image\" title=\"Netzentgelte 2026: Was sich \u00e4ndert \u2013 und wie Du davon profitierst\"><img decoding=\"async\" loading=\"lazy\" width=\"495\" height=\"400\" src=\"https:\/\/www.maxenergy.at\/magazin\/wp-content\/uploads\/2025\/11\/kyrie-kim-jqxB3C0YNG0-unsplash-495x400.jpg\" class=\"wp-image-3438 avia-img-lazy-loading-3438 attachment-portfolio size-portfolio wp-post-image\" alt=\"Kalender\" srcset=\"https:\/\/www.maxenergy.at\/magazin\/wp-content\/uploads\/2025\/11\/kyrie-kim-jqxB3C0YNG0-unsplash-495x400.jpg 495w, https:\/\/www.maxenergy.at\/magazin\/wp-content\/uploads\/2025\/11\/kyrie-kim-jqxB3C0YNG0-unsplash-845x684.jpg 845w\" sizes=\"auto, (max-width: 495px) 100vw, 495px\" \/><\/a><div class=\"slide-content\"><header class=\"entry-content-header\" aria-label=\"Slide: Netzentgelte 2026: Was sich \u00e4ndert \u2013 und wie Du davon profitierst\"><h3 class='slide-entry-title entry-title '  itemprop=\"headline\" ><a href=\"https:\/\/www.maxenergy.at\/magazin\/netzentgelte-2026-was-sich-aendert\/\" title=\"Netzentgelte 2026: Was sich \u00e4ndert \u2013 und wie Du davon profitierst\">Netzentgelte 2026: Was sich \u00e4ndert \u2013 und wie Du davon profitierst<\/a><\/h3><span class=\"av-vertical-delimiter\"><\/span><\/header><div class=\"slide-meta\"><time class='slide-meta-time updated'  itemprop=\"datePublished\" datetime=\"2025-12-08T15:09:02+01:00\" >8. Dezember 2025<\/time><div class=\"slide-meta-del\">\/<\/div><div class=\"slide-meta-comments\"><a href=\"https:\/\/www.maxenergy.at\/magazin\/netzentgelte-2026-was-sich-aendert\/#respond\">0 Kommentare<\/a><\/div><\/div><div class='slide-entry-excerpt entry-content'  itemprop=\"text\" ><div class=\"read-more-link\"><a href=\"https:\/\/www.maxenergy.at\/magazin\/netzentgelte-2026-was-sich-aendert\/\" class=\"more-link\">Weiterlesen<span class='more-link-arrow avia-svg-icon avia-font-svg_entypo-fontello' data-av_svg_icon='right-open-big' data-av_iconset='svg_entypo-fontello'><svg version=\"1.1\" xmlns=\"http:\/\/www.w3.org\/2000\/svg\" width=\"15\" height=\"32\" viewBox=\"0 0 15 32\" preserveAspectRatio=\"xMidYMid meet\" role=\"graphics-symbol\" aria-hidden=\"true\">\n<path d=\"M0.416 27.84l11.456-11.84-11.456-11.904q-0.832-0.832 0-1.536 0.832-0.832 1.536 0l12.544 12.608q0.768 0.832 0 1.6l-12.544 12.608q-0.704 0.832-1.536 0-0.832-0.704 0-1.536z\"><\/path>\n<\/svg><\/span><\/a><\/div><\/div><\/div><footer class=\"entry-footer\"><\/footer><span class='hidden'>\n\t\t\t\t<span class='av-structured-data'  itemprop=\"image\" itemscope=\"itemscope\" itemtype=\"https:\/\/schema.org\/ImageObject\" >\n\t\t\t\t\t\t<span itemprop='url'>https:\/\/www.maxenergy.at\/magazin\/wp-content\/uploads\/2025\/11\/kyrie-kim-jqxB3C0YNG0-unsplash.jpg<\/span>\n\t\t\t\t\t\t<span itemprop='height'>3264<\/span>\n\t\t\t\t\t\t<span itemprop='width'>4896<\/span>\n\t\t\t\t<\/span>\n\t\t\t\t<span class='av-structured-data'  itemprop=\"publisher\" itemtype=\"https:\/\/schema.org\/Organization\" itemscope=\"itemscope\" >\n\t\t\t\t\t\t<span itemprop='name'>Antonia Weimann<\/span>\n\t\t\t\t\t\t<span itemprop='logo' itemscope itemtype='https:\/\/schema.org\/ImageObject'>\n\t\t\t\t\t\t\t<span itemprop='url'>https:\/\/www.maxenergy.at\/magazin\/wp-content\/uploads\/2024\/04\/MaxEnergy_Logo_Weiss_Clean.svg<\/span>\n\t\t\t\t\t\t<\/span>\n\t\t\t\t<\/span><span class='av-structured-data'  itemprop=\"author\" itemscope=\"itemscope\" itemtype=\"https:\/\/schema.org\/Person\" ><span itemprop='name'>Antonia Weimann<\/span><\/span><span class='av-structured-data'  itemprop=\"datePublished\" datetime=\"2023-05-31T14:09:55+02:00\" >2025-12-08 15:09:02<\/span><span class='av-structured-data'  itemprop=\"dateModified\" itemtype=\"https:\/\/schema.org\/dateModified\" >2026-02-27 12:37:19<\/span><span class='av-structured-data'  itemprop=\"mainEntityOfPage\" itemtype=\"https:\/\/schema.org\/mainEntityOfPage\" ><span itemprop='name'>Netzentgelte 2026: Was sich \u00e4ndert \u2013 und wie Du davon profitierst<\/span><\/span><\/span><\/article><\/div><\/div><\/div><\/p><\/div>\n","protected":false},"excerpt":{"rendered":"<p>Was die Gr\u00fcnde f\u00fcr die Energieversorgungskrise sind, wie sie sich zuletzt entwickelt haben und was das f\u00fcr Dich bedeutet, erf\u00e4hrst Du in diesem Artikel.<\/p>\n","protected":false},"author":7,"featured_media":2442,"comment_status":"open","ping_status":"open","sticky":false,"template":"","format":"standard","meta":{"footnotes":""},"categories":[33,94],"tags":[53,125,32,84,215,98,31,62,210,44],"class_list":["post-2391","post","type-post","status-publish","format-standard","has-post-thumbnail","hentry","category-news","category-strom-und-gas","tag-energiesparen","tag-faq","tag-gas","tag-gaspreis","tag-krise","tag-maxenergy","tag-strom","tag-strompreis","tag-verbrauch","tag-zukunft"],"_links":{"self":[{"href":"https:\/\/www.maxenergy.at\/magazin\/wp-json\/wp\/v2\/posts\/2391","targetHints":{"allow":["GET"]}}],"collection":[{"href":"https:\/\/www.maxenergy.at\/magazin\/wp-json\/wp\/v2\/posts"}],"about":[{"href":"https:\/\/www.maxenergy.at\/magazin\/wp-json\/wp\/v2\/types\/post"}],"author":[{"embeddable":true,"href":"https:\/\/www.maxenergy.at\/magazin\/wp-json\/wp\/v2\/users\/7"}],"replies":[{"embeddable":true,"href":"https:\/\/www.maxenergy.at\/magazin\/wp-json\/wp\/v2\/comments?post=2391"}],"version-history":[{"count":54,"href":"https:\/\/www.maxenergy.at\/magazin\/wp-json\/wp\/v2\/posts\/2391\/revisions"}],"predecessor-version":[{"id":2877,"href":"https:\/\/www.maxenergy.at\/magazin\/wp-json\/wp\/v2\/posts\/2391\/revisions\/2877"}],"wp:featuredmedia":[{"embeddable":true,"href":"https:\/\/www.maxenergy.at\/magazin\/wp-json\/wp\/v2\/media\/2442"}],"wp:attachment":[{"href":"https:\/\/www.maxenergy.at\/magazin\/wp-json\/wp\/v2\/media?parent=2391"}],"wp:term":[{"taxonomy":"category","embeddable":true,"href":"https:\/\/www.maxenergy.at\/magazin\/wp-json\/wp\/v2\/categories?post=2391"},{"taxonomy":"post_tag","embeddable":true,"href":"https:\/\/www.maxenergy.at\/magazin\/wp-json\/wp\/v2\/tags?post=2391"}],"curies":[{"name":"wp","href":"https:\/\/api.w.org\/{rel}","templated":true}]}}